{"id":13400,"date":"2019-10-09T07:00:56","date_gmt":"2019-10-09T05:00:56","guid":{"rendered":"https:\/\/folk.world\/?p=13400"},"modified":"2019-11-01T18:43:37","modified_gmt":"2019-11-01T17:43:37","slug":"hasan-yuekselir-kuensterportrait","status":"publish","type":"post","link":"https:\/\/folk.world\/de\/blog\/2019\/10\/09\/hasan-yuekselir-kuensterportrait\/","title":{"rendered":"Hasan Y\u00fckselir: Anatolische Wurzeln"},"content":{"rendered":"\n<p>Der Kosmopolit Hasan Y\u00fckselir macht Weltmusik im eigentlichen Sinne des Wortes: Seine Kompositionen verbinden Welten. Die anatolische seiner Wurzeln mit der westlichen Klassik, mit modernem Jazz und mit der Seele &#8211; der seiner Zuh\u00f6rer. Entdecke mit Folk.World einen charismatischen S\u00e4nger, f\u00fcr den orientalische Traditionsmusik, westliche Klassik und moderner Jazz ein harmonisches Gesamtkunstwerk ergeben.<\/p>\n\n\n\n<h2 class=\"wp-block-heading\">Klassischer Gesang, Traditionals und Jazz &#8211; Hasan Y\u00fckseler singt und komponiert<\/h2>\n\n\n\n<p>An der Universit\u00e4t von Ankara liegen die k\u00fcnstlerischen Wurzeln von Hasan Y\u00fckselir. Hier erhielt der S\u00e4nger seine Ausbildung zum Bassbariton und Komponisten, er schloss das Studium mit dem \u201eMaster of Arts\u201c ab. Es folgten Mitwirkungen in Theaterst\u00fccken und Musicals, sein erstes Musikalbum \u201eG\u00fcnler\u201c brachte der vielseitige K\u00fcnstler im Jahr 1992 heraus. Er komponierte f\u00fcr die Staatsoper in Ankara ebenso wie f\u00fcr gro\u00dfe t\u00fcrkische Fernsehproduktionen. Mit der Staatlichen Symphonie konzertierte Hasan Y\u00fckselir auf Veranstaltungen in der ganzen T\u00fcrkei.<\/p>\n\n\n\n<figure class=\"wp-block-embed-youtube wp-block-embed is-type-video is-provider-youtube wp-embed-aspect-16-9 wp-has-aspect-ratio\"><div class=\"wp-block-embed__wrapper\">\n<iframe loading=\"lazy\" title=\"TUNA | Hasan Yu\u0308kselir &amp; Dijle Yu\u0308kselir  Live Performance\" width=\"980\" height=\"551\" src=\"https:\/\/www.youtube.com\/embed\/-wwmhqRPxFs?feature=oembed\" frameborder=\"0\" allow=\"accelerometer; autoplay; encrypted-media; gyroscope; picture-in-picture\" allowfullscreen><\/iframe>\n<\/div><\/figure>\n\n\n\n<p>Seit der Gr\u00fcndung von \u201cSu Arts e.V.\u201d in Berlin, wo Hasan Y\u00fckselir seit 1994 unter anderem lebt, ist der Dialog zwischen den Kulturen zur zentralen Botschaft seines Schaffens geworden. In wechselseitigem Austausch f\u00f6rdert diese K\u00fcnstlervereinigung die Vermittlung von traditionellem Liedgut, l\u00e4sst ihre musikalischen Wurzeln f\u00fcr die Emigranten lebendig bleiben und bringt zugleich die neue Heimat seinen musikalischen Urspr\u00fcngen nahe. <br> 1996 f\u00fchrte das Symphonieorchester des WDR in K\u00f6ln  \u201eBa\u011flama Kon\u00e7ertosu\u201c auf, sein Concertino f\u00fcr drei Ba\u011flamas und Orchester. Die Kammeroper \u201eSah H\u00e4nde, die Rosen banden in dunkler Erde\u201c vertont Gedichte des bekannten Poeten Yunus Emre.<\/p>\n\n\n\n<h2 class=\"wp-block-heading\">T\u00fcrk\u00fc: anatolischer Folk mit klassischem Klavier und Jazz-T\u00f6nen<\/h2>\n\n\n\n<p>Die bauchige Laute Baglama Saz l\u00e4sst ihre Seiten erklingen, getragene T\u00f6ne rufen Bilder von weiten anatolischen Landschaften, spektakul\u00e4ren Felslandschaften und sonnenwarmen Sommertagen hervor. Die Volkslieder des T\u00fcrk\u00fc bilden die Grundlage der Weltmusik von Hasan Y\u00fckselir. Er schafft Verbindungen mit kleinen Zwischenspielen, die verd\u00e4chtig nach Jazz klingen, seine poetischen Texte erinnern an Schuberts klassische Lieder. Seine Musik tr\u00e4gt die traditionellen Weisen seiner Heimat Anatolien in die Welt hinaus, l\u00e4sst sie bekannt werden und verbindet <a href=\"http:\/\/hasanyukselir.com\/de\/projeler\/senfoni-orkestrasi-eslikli-turkuler\/\" target=\"_blank\" rel=\"noopener\">alte Wurzeln mit neuen Lebensformen<\/a>.<\/p>\n\n\n\n<figure class=\"wp-block-embed-youtube wp-block-embed is-type-video is-provider-youtube wp-embed-aspect-16-9 wp-has-aspect-ratio\"><div class=\"wp-block-embed__wrapper\">\n<iframe loading=\"lazy\" title=\"Hasan Y\u00fckselir - K\u0131rat &amp; Doldu Peymaneler Doldu - MainWeltmusik Festival - Offenbach a.M.\" width=\"980\" height=\"551\" src=\"https:\/\/www.youtube.com\/embed\/9IZB4Iwtl9E?feature=oembed\" frameborder=\"0\" allow=\"accelerometer; autoplay; encrypted-media; gyroscope; picture-in-picture\" allowfullscreen><\/iframe>\n<\/div><\/figure>\n\n\n\n<p>Seine musikalische Entwicklung machte ihn zum Kosmopoliten: Seine Lieder schaffen Verbindungen zwischen der anatolischen Volkslied-Kultur und dem Jazz sowie Kl\u00e4ngen der westlichen Klassik, in deren Gesang ihn seine Ausbildung geschult hat. Sein kosmopolitscher Anspruch und die F\u00f6rderung von kulturellem Dialog machen Hasan Y\u00fckselir genau wie Folk.World und die gesamte Weltmusik zum Mittler zwischen Menschen aller Altersgruppen und Nationalit\u00e4ten.<\/p>\n\n\n\n<h2 class=\"wp-block-heading\">Zwischen Ankara und Berlin: Hasan Y\u00fckselir pendelt und arbeitet international<\/h2>\n\n\n\n<p>Seit seinem Umzug nach Berlin Anfang der 90er Jahre tr\u00e4gt Hasan Y\u00fckselir seine poetischen Lieder nach Deutschland und in die umliegenden L\u00e4nder. Regelm\u00e4\u00dfig tourt er durch die Bundesrepublik, durch England, Frankreich und die Benelux-Staaten. Auch in der T\u00fcrkei ist der umtriebige Kosmolit immer wieder engagiert. Seit 2014 hat er zudem die k\u00fcnstlerische Leitung des MainBosporus Weltmusikfestival in Offenbach inne. Die Konzertreihe \u201eLieder ohne Grenzen\u201c feierte 2010 Premiere mit  \u201cYunus\u2019tan Naz\u0131m\u2019a Kantat\u201d, einer Kantate f\u00fcr Solisten, Chor und Symphonieorchester. Seither verband das Musikprojekt die t\u00fcrkischen Volkslieder mit portugiesischem Fado, spanischem Flamenco, griechischem Rembetiko und vielen weiteren Interpreten der Weltmusik.<\/p>\n\n\n\n<h2 class=\"wp-block-heading\">T\u00fcrk\u00fc in der Weltmusik: Wie Hasan Y\u00fckselir der anatolischen Musik ihren Platz verschafft <\/h2>\n\n\n\n<div align=\"left\"><a href=\"https:\/\/www.amazon.de\/Ben-T%C3%BCrk%C3%BCy%C3%BCm-Hasan-Y%C3%BCkselir\/dp\/B07QDVK9QD\/ref=as_li_ss_il?_encoding=UTF8&amp;qid=&amp;sr=&amp;linkCode=li2&amp;tag=folkworld03-21&amp;linkId=2ba1019a76082c5296889889d29117ee&amp;language=de_DE\" target=\"_blank\" rel=\"noopener noreferrer\"><img decoding=\"async\" border=\"0\" src=\"\/\/ws-eu.amazon-adsystem.com\/widgets\/q?_encoding=UTF8&amp;ASIN=B07QDVK9QD&amp;Format=_SL160_&amp;ID=AsinImage&amp;MarketPlace=DE&amp;ServiceVersion=20070822&amp;WS=1&amp;tag=folkworld03-21&amp;language=de_DE\" alt=\"-\" title=\"\"><\/a><img loading=\"lazy\" decoding=\"async\" src=\"https:\/\/ir-de.amazon-adsystem.com\/e\/ir?t=folkworld03-21&amp;language=de_DE&amp;l=li2&amp;o=3&amp;a=B07QDVK9QD\" width=\"1\" height=\"1\" border=\"0\" alt=\"-\" style=\"border:none !important; margin:0px !important;\" title=\"\">\n<a href=\"https:\/\/amzn.to\/2mKbwoK\" target=\"_blank\" rel=\"noopener\">Album &#8220;Ben T\u00fcrk\u00fcy\u00fcm&#8221; auf Amazon<\/a><\/div>\n\n\n\n<p>Die Bedeutung der traditionellen Lieder Anatoliens stellt Y\u00fckselir mit seinen Kompositionen und Interpretationen auf neuen Wegen heraus. T\u00fcrk\u00fc lautet der Oberbegriff f\u00fcr die alten Lieder aus den anatolischen Bergen, die Hasan Y\u00fckselir in neuem Gewand in alle Welt tr\u00e4gt. Er arbeitet aktuelle Bez\u00fcge heraus und schafft die <a href=\"\/?p=10254\">Verbindung vom Gestern zum Heute, von Orient zu Okzident<\/a>. Das Concertino f\u00fcr drei Ba\u011flamas war das weltweit erste Konzert f\u00fcr das traditionsreiche Instrument im Zusammenspiel mit einem westlichen Symphonieorchester.<\/p>\n\n\n\n<iframe height=\"350\" src=\"https:\/\/embed.music.apple.com\/de\/album\/ben-t%C3%BCrk%C3%BCy%C3%BCm\/1459277393?app=music&amp;at=1010lxDI\" align=\"right\"><\/iframe>\n\n\n\n<p>Die Br\u00fccke zwischen den Kulturen, die Y\u00fckselir in seinen Liedern baut, ist aus zarter Poesie gewoben und doch stabil. Seine gr\u00fcndliche Ausbildung sowohl in klassischer Musik und deren Theorie einerseits und der Kenntnis der vielf\u00e4ltigen orientalischen Weisen andererseits machen es ihm m\u00f6glich, diese einzigartige Verbindung zu schaffen. Westliche und \u00f6stliche Instrumente finden in harmonischen Kl\u00e4ngen zu moderner Weltmusik zusammen und nehmen doch die Liebhaber der traditionellen Weisen stets mit. Der Bassbariton tr\u00e4gt die althergebrachten T\u00f6ne mit sonorer Sicherheit vor, die Verbindung von klassischer Ausbildung und kreativer Interpretation jahrhundertealter Weisen ist einzigartig \u2013 bis heute. Deshalb geb\u00fchrt dem Komponisten und Mittler zwischen den Kulturen nicht nur ein geb\u00fchrender Platz auf Folk.world, sondern selbstverst\u00e4ndlich auch in der Riege der bedeutenden deutsch-t\u00fcrkischen Musikerbotschafter von heute.<\/p>\n\n\n\n<p><strong>Website:<\/strong>  <a href=\"http:\/\/hasanyukselir.com\/de\/\" target=\"_blank\" rel=\"noopener\">http:\/\/hasanyukselir.com\/de\/<\/a> <\/p>\n\n\n\n<p><\/p>\n","protected":false},"excerpt":{"rendered":"<p>Der Kosmopolit Hasan Y\u00fckselir macht Weltmusik im eigentlichen Sinne des Wortes: Seine Kompositionen verbinden Welten. Die anatolische seiner Wurzeln mit der westlichen Klassik, mit modernem Jazz und mit der Seele &#8211; der seiner Zuh\u00f6rer. Entdecke mit Folk.World einen charismatischen S\u00e4nger, f\u00fcr den orientalische Traditionsmusik, westliche Klassik und moderner Jazz ein harmonisches Gesamtkunstwerk ergeben. Klassischer Gesang, [&hellip;]<\/p>\n","protected":false},"author":14,"featured_media":13401,"comment_status":"open","ping_status":"open","sticky":false,"template":"","format":"standard","meta":{"footnotes":""},"categories":[53,668],"tags":[695,697,696,689,694,608],"class_list":["post-13400","post","type-post","status-publish","format-standard","has-post-thumbnail","hentry","category-folk-artists-kunstlerportraits","category-folkblog","tag-anatolien","tag-jass","tag-klassik","tag-saz","tag-tuerkue","tag-weltmusik"],"_links":{"self":[{"href":"https:\/\/folk.world\/de\/wp-json\/wp\/v2\/posts\/13400","targetHints":{"allow":["GET"]}}],"collection":[{"href":"https:\/\/folk.world\/de\/wp-json\/wp\/v2\/posts"}],"about":[{"href":"https:\/\/folk.world\/de\/wp-json\/wp\/v2\/types\/post"}],"author":[{"embeddable":true,"href":"https:\/\/folk.world\/de\/wp-json\/wp\/v2\/users\/14"}],"replies":[{"embeddable":true,"href":"https:\/\/folk.world\/de\/wp-json\/wp\/v2\/comments?post=13400"}],"version-history":[{"count":25,"href":"https:\/\/folk.world\/de\/wp-json\/wp\/v2\/posts\/13400\/revisions"}],"predecessor-version":[{"id":13575,"href":"https:\/\/folk.world\/de\/wp-json\/wp\/v2\/posts\/13400\/revisions\/13575"}],"wp:featuredmedia":[{"embeddable":true,"href":"https:\/\/folk.world\/de\/wp-json\/wp\/v2\/media\/13401"}],"wp:attachment":[{"href":"https:\/\/folk.world\/de\/wp-json\/wp\/v2\/media?parent=13400"}],"wp:term":[{"taxonomy":"category","embeddable":true,"href":"https:\/\/folk.world\/de\/wp-json\/wp\/v2\/categories?post=13400"},{"taxonomy":"post_tag","embeddable":true,"href":"https:\/\/folk.world\/de\/wp-json\/wp\/v2\/tags?post=13400"}],"curies":[{"name":"wp","href":"https:\/\/api.w.org\/{rel}","templated":true}]}}