{"id":14422,"date":"2020-06-18T18:53:59","date_gmt":"2020-06-18T16:53:59","guid":{"rendered":"https:\/\/folk.world\/?p=14422"},"modified":"2020-12-17T16:13:31","modified_gmt":"2020-12-17T15:13:31","slug":"tinderbox-von-hot-griselda-ein-lange-verborgener-schatz","status":"publish","type":"post","link":"https:\/\/folk.world\/de\/blog\/2020\/06\/18\/tinderbox-von-hot-griselda-ein-lange-verborgener-schatz\/","title":{"rendered":"Tinderbox von Hot Griselda: Ein 10 Jahre verborgener Schatz"},"content":{"rendered":"\n<p>Fast zehn Jahre lang mussten wir uns gedulden, doch endlich ist es so weit: P\u00fcnktlich zur Neuver\u00f6ffentlichung des Albums &#8220;Tinderbox&#8221; des belgisch-niederl\u00e4ndischen Folk-Ensembles <a href=\"https:\/\/www.hotgriselda.eu\/\" class=\"rank-math-link\" target=\"_blank\" rel=\"noopener\">Hot Griselda<\/a> am 12. Juni 2020 erscheint nun auch meine Review. Auf diesem originellen Album treffen irische Uilleann Pipes auf verzerrte Gitarren und Old-School-Schlagzeugbeats.<\/p>\n\n\n\n\n\n<p><\/p>\n\n\n\n<h2 class=\"wp-block-heading\">Woher stammt die Band?<\/h2>\n\n\n\n<p>Die belgisch-niederl\u00e4ndische Band entstammt der Bal-Folk-Szene und wurde zuf\u00e4llig gegr\u00fcndet. 2007 lernte Uillean-Pipes-Speiler Stijn van Beek den Multiinstrumentalisten Toon van Mierlo auf einer Folk-Veranstaltung im niederl\u00e4ndischen Nijmegen kennen. Kurz darauf stie\u00dfen Kaspar Laval und Jeroen Geerinck dazu. Das Quartett begann, unter dem Namen &#8220;Hot Griselda&#8221; aufzutreten. Benannt wurde die Gruppe nach einer Figur aus der Fantasy-Kom\u00f6die &#8220;Jabberwocky&#8221;, bei der Monthy-Python-Legende Terry Gilliam Regie f\u00fchrte.<\/p>\n\n\n\n<p>Im Laufe der Jahre hat die Band eine rege Konzertt\u00e4tigkeit in ganz Europa entwickelt. Die Fans von Hot Griselda sind von dem einzigartigen Folk-Pop-Sound der bunt zusammengew\u00fcrfelten Gruppe ganz begeistert. Mit ihren meilenweit voneinander entfernten Wohnsitzen kommen die Musiker ganz gut zurecht: Stijn und Kaspar leben in Amsterdam, w\u00e4hrend Toon und Jeroen in Belgien zu Hause sind. Trotzdem sieht man sich regelm\u00e4\u00dfig und jammt, so oft es geht.<\/p>\n\n\n\n<p>Auf dem Album Tinderbox ist <a href=\"http:\/\/sophiejanna.nl\/\" class=\"rank-math-link\" target=\"_blank\" rel=\"noopener\">Sophie Janna<\/a> zu h\u00f6ren. Die in Amsterdam lebende S\u00e4ngerin und Gitarristin tritt normalerweise mit der Band &#8220;The Lasses&#8221; auf. Zur Folk-Szene fand Sophie Janna nach einem Aufenthalt in Schottland.<\/p>\n\n\n\n<h2 class=\"wp-block-heading\">Der Sound von Hot Griselda<\/h2>\n\n\n\n<p>Eine perfekte Mischung aus traditionellen Folk-Instrumenten und Drumbeats machen den Sound von Hot Griselda unverkennbar. Akkordeon, Bodhran, Pipes, Gitarren und ein Drumcomputer weben einen dichten Klangteppich. Bei den St\u00fccken auf Tinderbox handelt es sich um Originalkompositionen, teilweise mit klassischen Liedtexten. Die Songs reihen sich in das keltische Folk-Genre ein und erinnern an charakteristische Melodien aus Irland und Schottland. Mit dem Einsatz von Sophie Janna ist der Sound der Band st\u00e4rker und vor allem aufregender geworden.<\/p>\n\n\n\n<figure class=\"wp-block-image size-large\"><a href=\"https:\/\/amzn.to\/3e4ylss\" target=\"_blank\" rel=\"noopener\"><img loading=\"lazy\" decoding=\"async\" width=\"1024\" height=\"1024\" src=\"\/\/i2.wp.com\/folk.world\/wp-content\/uploads\/2020\/06\/Hot-Griselda-Tinderbox-album-cover-1024x1024.jpg\" alt=\"Album-Cover &quot;Tinderbox&quot; von Hot Griselda\" class=\"wp-image-14427\" title=\"\" srcset=\"https:\/\/folk.world\/wp-content\/uploads\/2020\/06\/Hot-Griselda-Tinderbox-album-cover-1024x1024.jpg 1024w, https:\/\/folk.world\/wp-content\/uploads\/2020\/06\/Hot-Griselda-Tinderbox-album-cover-300x300.jpg 300w, https:\/\/folk.world\/wp-content\/uploads\/2020\/06\/Hot-Griselda-Tinderbox-album-cover-150x150.jpg 150w, https:\/\/folk.world\/wp-content\/uploads\/2020\/06\/Hot-Griselda-Tinderbox-album-cover-768x768.jpg 768w, https:\/\/folk.world\/wp-content\/uploads\/2020\/06\/Hot-Griselda-Tinderbox-album-cover-1536x1536.jpg 1536w, https:\/\/folk.world\/wp-content\/uploads\/2020\/06\/Hot-Griselda-Tinderbox-album-cover-324x324.jpg 324w, https:\/\/folk.world\/wp-content\/uploads\/2020\/06\/Hot-Griselda-Tinderbox-album-cover-416x416.jpg 416w, https:\/\/folk.world\/wp-content\/uploads\/2020\/06\/Hot-Griselda-Tinderbox-album-cover-100x100.jpg 100w, https:\/\/folk.world\/wp-content\/uploads\/2020\/06\/Hot-Griselda-Tinderbox-album-cover.jpg 2048w\" sizes=\"auto, (max-width: 1024px) 100vw, 1024px\" \/><\/a><figcaption>Album &#8220;Tinderbox&#8221; von Hot Griselda auf <a href=\"https:\/\/amzn.to\/3e4ylss\" class=\"rank-math-link\" target=\"_blank\" rel=\"noopener\">Amazon.de<\/a><\/figcaption><\/figure>\n\n\n\n<h2 class=\"wp-block-heading\">Warum wurde Tinderbox erst 2020 ver\u00f6ffentlicht?<\/h2>\n\n\n\n<p>Tinderbox wurde 2011 aufgenommen. Urspr\u00fcnglich konnten sich Fans von Hot Griselda das Album auf Bandcamp anh\u00f6ren. Dank der Zusammenarbeit mit Sophie Jenna unterscheidet sich Tinderbox von den anderen Alben der Band. Es war zun\u00e4chst schwierig ein Label zu finden. Und da jedes der Mitglieder seine eigenen Projekte verfolgt, wurde das Release von Tinderbox zun\u00e4chst auf Eis gelegt. Erst 2020 beschloss die Band, das Album zu ver\u00f6ffentlichen, um es einem breiteren Publikum zug\u00e4nglich zu machen.<\/p>\n\n\n\n<h2 class=\"wp-block-heading\">Vertr\u00e4umte Melodien<\/h2>\n\n\n\n<p>Mit Tinderbox haben die vier Jungs sich selbst \u00fcbertroffen. Keine unerhebliche Rolle spielt die Stimme von Sophie Jenna, die zum Tr\u00e4umen verf\u00fchrt. Tracks wie &#8220;Sleep Now&#8221; und &#8220;The Reaper&#8221; \u00fcberzeugen durch Elektro-Einfl\u00fcsse. Auf anderen Tracks (&#8220;Stretched on Your Grave&#8221; und &#8220;Lizzie&#8221;) Rock-Harmonien herauszuh\u00f6ren sind. Im Gegensatz zu den anderen Alben der Band richten sich die Tracks auf Tinderbox nicht ausschlie\u00dflich nach keltischen Melodiemustern, sondern lassen mehrere Musikstile mit einflie\u00dfen. Besonders beeindruckt haben mich die Verzerrungen, die perfekt mit dem Gesang harmonieren. Zu den sch\u00f6nsten Songs auf Tinderbox z\u00e4hlt &#8220;Jamie&#8221;, ein perfektes Amalgam aus Folk und Pop.<\/p>\n\n\n\n<iframe allow=\"autoplay *; encrypted-media *;\" frameborder=\"0\" height=\"450\" style=\"width:100%;overflow:hidden;background:transparent;\" sandbox=\"allow-forms allow-popups allow-same-origin allow-scripts allow-storage-access-by-user-activation allow-top-navigation-by-user-activation\" src=\"https:\/\/embed.music.apple.com\/de\/album\/tinderbox\/1513863869?app=music&amp;at=1010lxDI\"><\/iframe>\n\n\n\n<h2 class=\"wp-block-heading\">\u00c4hnelde Tracks aber unverwechselbarer Sound<\/h2>\n\n\n\n<p>Meiner Meinung nach gleichen mehrere Tracks auf Tinderbox einander zu sehr, wodurch die n\u00f6tige Abwechslung fehlt. Auf Tinderbox wirst Du vergeblich nach Jigs und Reels suchen. Ich h\u00e4tte mir zus\u00e4tzlich zu den Balladen ein paar temporeichere St\u00fccke gew\u00fcnscht. Folk-Puristen werden den Einsatz eines Drumcomputers nicht guthei\u00dfen. Andererseits macht ebendiese Mischung aus traditionellen Elementen und elektrischen Beats den unverwechselbaren Sound der Band aus.<\/p>\n\n\n\n<h2 class=\"wp-block-heading\">Was k\u00f6nnen Fans von Hot Griselda erwarten?<\/h2>\n\n\n\n<p>Mit dieser Neuver\u00f6ffentlichung hat die Band ihr Talent und auch ihre Experimentierfreudigkeit unter Beweis gestellt. Ob eine weitere Zusammenarbeit mit Sophie Janna m\u00f6glich ist, steht derzeit in den Sternen. Im Ganzen haben die Jungs von Hot Griselda vier Alben aufgenommen, die meisten Reviews sind positiv.<\/p>\n\n\n\n<p>Mit ihrem ungew\u00f6hnlichen Instrumenten-Mix schlagen die Jungs von Hot Griselda bisher unbekannte Wege ein. Ich finde die Entwicklung spannend und freue mich schon jetzt auf das n\u00e4chste Release der Band. Dass die Mitglieder selbst nicht aus Irland stammen und trotzdem derart virtuos mit der irischen Folkmusik umgehen, rechne ich ihnen hoch an. In den vergangenen Jahren war Hot Griselda haupts\u00e4chlich in Deutschland, Belgien, Frankreich und den Niederlanden auf Tournee. Im Moment sind noch keine Konzerte geplant.<\/p>\n\n\n\n<hr class=\"wp-block-separator\"\/>\n\n\n\n<p><strong>Weitere Beitr\u00e4ge:<\/strong><\/p>\n\n\n<ul class=\"wp-block-latest-posts__list is-grid columns-3 has-dates wp-block-latest-posts\"><li><div class=\"wp-block-latest-posts__featured-image\"><a href=\"https:\/\/folk.world\/de\/blog\/2023\/07\/24\/rezension-zur-ep-majoljod-von-yangens\/\"><img loading=\"lazy\" decoding=\"async\" width=\"300\" height=\"300\" src=\"https:\/\/folk.world\/wp-content\/uploads\/2023\/07\/unnamed-3-300x300.jpg\" class=\"attachment-medium size-medium wp-post-image\" alt=\"EP &quot;Majolj\u00f3\u00f0&quot; von Yangens\" style=\"\" srcset=\"https:\/\/folk.world\/wp-content\/uploads\/2023\/07\/unnamed-3-300x300.jpg 300w, https:\/\/folk.world\/wp-content\/uploads\/2023\/07\/unnamed-3-1024x1024.jpg 1024w, https:\/\/folk.world\/wp-content\/uploads\/2023\/07\/unnamed-3-150x150.jpg 150w, https:\/\/folk.world\/wp-content\/uploads\/2023\/07\/unnamed-3-768x768.jpg 768w, https:\/\/folk.world\/wp-content\/uploads\/2023\/07\/unnamed-3-324x324.jpg 324w, https:\/\/folk.world\/wp-content\/uploads\/2023\/07\/unnamed-3-416x416.jpg 416w, https:\/\/folk.world\/wp-content\/uploads\/2023\/07\/unnamed-3-100x100.jpg 100w, https:\/\/folk.world\/wp-content\/uploads\/2023\/07\/unnamed-3-64x64.jpg 64w, https:\/\/folk.world\/wp-content\/uploads\/2023\/07\/unnamed-3.jpg 1500w\" sizes=\"auto, (max-width: 300px) 100vw, 300px\" title=\"\"><\/a><\/div><a class=\"wp-block-latest-posts__post-title\" href=\"https:\/\/folk.world\/de\/blog\/2023\/07\/24\/rezension-zur-ep-majoljod-von-yangens\/\">Rezension zur EP &#8220;Majolj\u00f3\u00f0&#8221; von Yangens<\/a><time datetime=\"2023-07-24T16:37:13+02:00\" class=\"wp-block-latest-posts__post-date\">24. Juli 2023<\/time><div class=\"wp-block-latest-posts__post-excerpt\">Die &#8220;Majolj\u00f3\u00f0 EP&#8221; von Yangens ist eine bewegende musikalische Reise, die am 15. Juli\u2026\u00a0<a class=\"wp-block-latest-posts__read-more\" href=\"https:\/\/folk.world\/de\/blog\/2023\/07\/24\/rezension-zur-ep-majoljod-von-yangens\/\" rel=\"noopener noreferrer\"><span class=\"screen-reader-text\">Rezension zur EP &#8220;Majolj\u00f3\u00f0&#8221; von Yangens <\/span>weiterlesen<\/a><\/div><\/li>\n<li><div class=\"wp-block-latest-posts__featured-image\"><a href=\"https:\/\/folk.world\/de\/blog\/2021\/01\/12\/nadishana-somos-live-hug20-festival\/\"><img loading=\"lazy\" decoding=\"async\" width=\"300\" height=\"225\" src=\"https:\/\/folk.world\/wp-content\/uploads\/2020\/12\/Image10-e1608747451509-300x225.png\" class=\"attachment-medium size-medium wp-post-image\" alt=\"-\" style=\"\" srcset=\"https:\/\/folk.world\/wp-content\/uploads\/2020\/12\/Image10-e1608747451509-300x225.png 300w, https:\/\/folk.world\/wp-content\/uploads\/2020\/12\/Image10-e1608747451509-1024x768.png 1024w, https:\/\/folk.world\/wp-content\/uploads\/2020\/12\/Image10-e1608747451509-768x576.png 768w, https:\/\/folk.world\/wp-content\/uploads\/2020\/12\/Image10-e1608747451509-324x243.png 324w, https:\/\/folk.world\/wp-content\/uploads\/2020\/12\/Image10-e1608747451509-416x312.png 416w, https:\/\/folk.world\/wp-content\/uploads\/2020\/12\/Image10-e1608747451509.png 1440w\" sizes=\"auto, (max-width: 300px) 100vw, 300px\" title=\"\"><\/a><\/div><a class=\"wp-block-latest-posts__post-title\" href=\"https:\/\/folk.world\/de\/blog\/2021\/01\/12\/nadishana-somos-live-hug20-festival\/\">Handpan in Perfektion: \u201eLive @ HUG\u02bc20 Festival\u201c von Nadishana &#038; Peter Somos<\/a><time datetime=\"2021-01-12T20:09:03+01:00\" class=\"wp-block-latest-posts__post-date\">12. Januar 2021<\/time><div class=\"wp-block-latest-posts__post-excerpt\">Kaum jemand spielt die Hang so vielseitig wie Nadishana. Wie durch ein Wunder durfte\u2026\u00a0<a class=\"wp-block-latest-posts__read-more\" href=\"https:\/\/folk.world\/de\/blog\/2021\/01\/12\/nadishana-somos-live-hug20-festival\/\" rel=\"noopener noreferrer\"><span class=\"screen-reader-text\">Handpan in Perfektion: \u201eLive @ HUG\u02bc20 Festival\u201c von Nadishana &#038; Peter Somos <\/span>weiterlesen<\/a><\/div><\/li>\n<li><div class=\"wp-block-latest-posts__featured-image\"><a href=\"https:\/\/folk.world\/de\/blog\/2020\/12\/23\/circle-divine-von-zirp\/\"><img loading=\"lazy\" decoding=\"async\" width=\"300\" height=\"225\" src=\"https:\/\/folk.world\/wp-content\/uploads\/2020\/12\/ZIRP-Group-e1608748711275-300x225.jpg\" class=\"attachment-medium size-medium wp-post-image\" alt=\"Die Gruppe ZIRP ver\u00f6ffentlich ihr Album &quot;Circle Divine&quot;\" style=\"\" srcset=\"https:\/\/folk.world\/wp-content\/uploads\/2020\/12\/ZIRP-Group-e1608748711275-300x225.jpg 300w, https:\/\/folk.world\/wp-content\/uploads\/2020\/12\/ZIRP-Group-e1608748711275-1024x768.jpg 1024w, https:\/\/folk.world\/wp-content\/uploads\/2020\/12\/ZIRP-Group-e1608748711275-768x576.jpg 768w, https:\/\/folk.world\/wp-content\/uploads\/2020\/12\/ZIRP-Group-e1608748711275-1536x1152.jpg 1536w, https:\/\/folk.world\/wp-content\/uploads\/2020\/12\/ZIRP-Group-e1608748711275-324x243.jpg 324w, https:\/\/folk.world\/wp-content\/uploads\/2020\/12\/ZIRP-Group-e1608748711275-416x312.jpg 416w, https:\/\/folk.world\/wp-content\/uploads\/2020\/12\/ZIRP-Group-e1608748711275.jpg 2048w\" sizes=\"auto, (max-width: 300px) 100vw, 300px\" title=\"\"><\/a><\/div><a class=\"wp-block-latest-posts__post-title\" href=\"https:\/\/folk.world\/de\/blog\/2020\/12\/23\/circle-divine-von-zirp\/\">&#8220;Circle Divine&#8221; von ZiRP: Einzigartiger Drehleier-Sound<\/a><time datetime=\"2020-12-23T20:03:43+01:00\" class=\"wp-block-latest-posts__post-date\">23. Dezember 2020<\/time><div class=\"wp-block-latest-posts__post-excerpt\">Am 23. Oktober 2020 ist das zweite Studioalbum der deutschen Folk-Band ZiRP erschienen. &#8220;Circle\u2026\u00a0<a class=\"wp-block-latest-posts__read-more\" href=\"https:\/\/folk.world\/de\/blog\/2020\/12\/23\/circle-divine-von-zirp\/\" rel=\"noopener noreferrer\"><span class=\"screen-reader-text\">&#8220;Circle Divine&#8221; von ZiRP: Einzigartiger Drehleier-Sound <\/span>weiterlesen<\/a><\/div><\/li>\n<\/ul>","protected":false},"excerpt":{"rendered":"<p>Fast zehn Jahre lang mussten wir uns gedulden, doch endlich ist es so weit: P\u00fcnktlich zur Neuver\u00f6ffentlichung des Albums &#8220;Tinderbox&#8221; des belgisch-niederl\u00e4ndischen Folk-Ensembles Hot Griselda am 12. Juni 2020 erscheint nun auch meine Review. Auf diesem originellen Album treffen irische Uilleann Pipes auf verzerrte Gitarren und Old-School-Schlagzeugbeats. Woher stammt die Band? Die belgisch-niederl\u00e4ndische Band entstammt [&hellip;]<\/p>\n","protected":false},"author":128,"featured_media":14444,"comment_status":"open","ping_status":"open","sticky":false,"template":"","format":"standard","meta":{"footnotes":""},"categories":[57],"tags":[70,852,97,704,855,856,194,270,846,718,319,851,850,832,849,842,508,853,847,854,845,848,743],"class_list":["post-14422","post","type-post","status-publish","format-standard","has-post-thumbnail","hentry","category-reviews","tag-akkordeon","tag-amsterdam","tag-bal-folk","tag-belgien","tag-bodhran-2","tag-celtic-folk","tag-dudelsack","tag-gitarre","tag-hot-griselda","tag-irish-folk","tag-irland","tag-jeroen-geerinck","tag-kaspar-laval","tag-niederlande","tag-nijmegen","tag-schlagzeug","tag-schottland","tag-sophie-janna","tag-stijn-van-beek","tag-the-lasses","tag-tinderbox","tag-toon-van-mierlo","tag-uilleann-pipes"],"_links":{"self":[{"href":"https:\/\/folk.world\/de\/wp-json\/wp\/v2\/posts\/14422","targetHints":{"allow":["GET"]}}],"collection":[{"href":"https:\/\/folk.world\/de\/wp-json\/wp\/v2\/posts"}],"about":[{"href":"https:\/\/folk.world\/de\/wp-json\/wp\/v2\/types\/post"}],"author":[{"embeddable":true,"href":"https:\/\/folk.world\/de\/wp-json\/wp\/v2\/users\/128"}],"replies":[{"embeddable":true,"href":"https:\/\/folk.world\/de\/wp-json\/wp\/v2\/comments?post=14422"}],"version-history":[{"count":9,"href":"https:\/\/folk.world\/de\/wp-json\/wp\/v2\/posts\/14422\/revisions"}],"predecessor-version":[{"id":15030,"href":"https:\/\/folk.world\/de\/wp-json\/wp\/v2\/posts\/14422\/revisions\/15030"}],"wp:featuredmedia":[{"embeddable":true,"href":"https:\/\/folk.world\/de\/wp-json\/wp\/v2\/media\/14444"}],"wp:attachment":[{"href":"https:\/\/folk.world\/de\/wp-json\/wp\/v2\/media?parent=14422"}],"wp:term":[{"taxonomy":"category","embeddable":true,"href":"https:\/\/folk.world\/de\/wp-json\/wp\/v2\/categories?post=14422"},{"taxonomy":"post_tag","embeddable":true,"href":"https:\/\/folk.world\/de\/wp-json\/wp\/v2\/tags?post=14422"}],"curies":[{"name":"wp","href":"https:\/\/api.w.org\/{rel}","templated":true}]}}