{"id":14807,"date":"2020-12-03T09:58:30","date_gmt":"2020-12-03T08:58:30","guid":{"rendered":"https:\/\/folk.world\/?p=14807"},"modified":"2020-12-03T10:53:26","modified_gmt":"2020-12-03T09:53:26","slug":"matthias-branschke-gibt-wertvolle-tipps","status":"publish","type":"post","link":"https:\/\/folk.world\/de\/blog\/2020\/12\/03\/matthias-branschke-gibt-wertvolle-tipps\/","title":{"rendered":"Dudelsackbauer Matthias Branschke gibt 3 wertvolle Tipps f\u00fcr Einsteiger"},"content":{"rendered":"\n<p><a href=\"http:\/\/www.dudelsackmanufaktur.de\/\" class=\"rank-math-link\" target=\"_blank\" rel=\"noopener\">Matthias Branschke<\/a> ist Instrumentenbauer aus Berlin. Sein Angebot umfasst Dudels\u00e4cke nach franz\u00f6sischem und schwedischem Vorbild. Gleicherma\u00dfen ist Matthias professioneller Musiker und Dozent auf Dudelsack-Workshops.<\/p>\n\n\n\n\n\n<p>F\u00fcr Folk.World gibt Matthias in seinem Gastbeitrag wertvolle Tipps f\u00fcr Dudelsack-Neulinge und angehende Dudelsackspieler.<\/p>\n\n\n\n<h2 class=\"wp-block-heading\">Matthias Branschke, was ist Deine Motivation als Instrumentenbauer?<\/h2>\n\n\n\n<p>Ende der 90er im Alter von 12 Jahren habe ich angefangen Dudelsack zu spielen. Durch das Folk-Revival in den 1970er Jahren war das Dudelsack-Repertoire zu dieser Zeit vor allem franz\u00f6sisch inspiriert. Ich hatte das Gl\u00fcck Unterricht bei Ralf Gehler zu haben, der sich als einer der ersten Dudelsackspieler in Deutschland mit unserer deutschen Tradition auseinandergesetzt hat. Er hat in mir den Wunsch geweckt diese Tradition neu zu entdecken und dabei meine eigene Kreativit\u00e4t einflie\u00dfen zu lassen. Bis heute spiele ich vor allem neue Melodien von Kollegen und mir, und traditionelles Repertoire des deutschsprachigen Raumes.<\/p>\n\n\n\n<p>Und Dudelsackbauer bin ich geworden, da ich am Dudelsack noch einiges an Potential sehe, welches man erst mal aus ihm herauskitzeln muss.<\/p>\n\n\n\n<div class=\"wp-block-media-text alignfull is-stacked-on-mobile\"><figure class=\"wp-block-media-text__media\"><img loading=\"lazy\" decoding=\"async\" width=\"684\" height=\"1024\" src=\"https:\/\/folk.world\/wp-content\/uploads\/2020\/11\/01David_Reemtsen_Dudelsackmanufaktur-1-684x1024.jpg\" alt=\"Matthias Branschke steht in der T\u00fcr seiner Dudelsackmanufaktur\" class=\"wp-image-14840\" title=\"\" srcset=\"https:\/\/folk.world\/wp-content\/uploads\/2020\/11\/01David_Reemtsen_Dudelsackmanufaktur-1-684x1024.jpg 684w, https:\/\/folk.world\/wp-content\/uploads\/2020\/11\/01David_Reemtsen_Dudelsackmanufaktur-1-200x300.jpg 200w, https:\/\/folk.world\/wp-content\/uploads\/2020\/11\/01David_Reemtsen_Dudelsackmanufaktur-1-768x1151.jpg 768w, https:\/\/folk.world\/wp-content\/uploads\/2020\/11\/01David_Reemtsen_Dudelsackmanufaktur-1-1025x1536.jpg 1025w, https:\/\/folk.world\/wp-content\/uploads\/2020\/11\/01David_Reemtsen_Dudelsackmanufaktur-1-324x485.jpg 324w, https:\/\/folk.world\/wp-content\/uploads\/2020\/11\/01David_Reemtsen_Dudelsackmanufaktur-1-416x623.jpg 416w, https:\/\/folk.world\/wp-content\/uploads\/2020\/11\/01David_Reemtsen_Dudelsackmanufaktur-1.jpg 1335w\" sizes=\"auto, (max-width: 684px) 100vw, 684px\" \/><\/figure><div class=\"wp-block-media-text__content\">\n<h2 class=\"wp-block-heading\">Welche Dudels\u00e4cke baust Du?<\/h2>\n\n\n\n<p>Ich baue zwei verschiedene Arten von Dudels\u00e4cken. <\/p>\n\n\n\n<p>Zum einen Instrumente mit konisch gebohrten Spielpfeifen und halbgeschlossener Griffweise. Diese besitzen einen f\u00fcr einen Dudelsack recht gro\u00dfen Tonumfang, n\u00e4mlich anderthalb Oktaven und sind nahezu voll-chromatisch. Ich baue diese Instrumente in drei verschiedenen Designs, n\u00e4mlich<\/p>\n\n\n\n<ul class=\"wp-block-list\"><li>als Schulinstrument bei dem das Instrument auf das wesentliche reduziert ist (ein Bordun, Anblasrohr, Spielpfeife, Sack und fertig)<\/li><li>als Sch\u00e4ferpfeife, ein historisches Design aus dem deutschen Sprachraum<\/li><li>und als dreiborduniges Instrument, bei dem ich alle Extras verbaue, die mir als Musiker auf der B\u00fchne sinnvoll erscheinen. Das Modell l\u00e4uft unter dem Namen \u201eSessionprotz\u201c.<\/li><\/ul>\n\n\n\n<p>Au\u00dferdem baue ich schwedische S\u00e4ckpipor (Mehrzahl von &#8220;S\u00e4ckpipa&#8221;), ein Instrument mit zylindrischer Spielpfeifenbohrung und Aufschlagzunge in der Spielpfeife. Hierauf l\u00e4sst sich \u201enur\u201c eine Oktave spielen, wobei die S\u00e4ckpipa f\u00fcr mein Empfinden besonders f\u00fcr traditionelles Spiel geeignet ist.<\/p>\n<\/div><\/div>\n\n\n\n<h2 class=\"wp-block-heading\">Wie werde ich Dudelsackspieler?<\/h2>\n\n\n\n<p>Wenn jemand in die Welt des Dudelsacks einsteigen m\u00f6chte, empfehle ich vor allem eines: Mit Leuten reden, die schon spielen. Eine gute Gelegenheit dazu sind Kurswochenenden, die es in Deutschland verteilt recht viel und regelm\u00e4\u00dfig gibt. Die Welt des Dudelsacks ist unglaublich vielseitig.<\/p>\n\n\n\n<p>Wer also noch keine Ahnung hat welchen Dudelsack der vorhandenen 180 verschiedenen Typen (!) er spielen m\u00f6chte, dem empfehle ich einen Anf\u00e4ngerkurs zu besuchen. Am flexibelsten f\u00fcr den Einstieg sind meiner Meinung nach Spielpfeifen mit halb-geschlossener \u201efranz\u00f6sischer\u201c Griffweise. Mit einem solchen Instrument anzufangen \u00f6ffnet erst mal T\u00fcren. Umsteigen kann man dann immer noch, wenn man genau wei\u00df wo die Reise hingehen soll.<\/p>\n\n\n\n<p>Wer Dudelsack spielen m\u00f6chte braucht vor allem eines: Geduld. Dudelsack zu spielen braucht im Prinzip dieselben Voraussetzungen wie jedes andere Instrument. Man muss \u00fcben, und hin und wieder sollte jemand kontrollieren ob man sich nicht Fehler antrainiert.<\/p>\n\n\n\n<p>Leider ist die Dichte an Dudelsacklehrern bei weitem nicht so gut wie f\u00fcr klassische Instrumente. Allerdings gibt recht viele Kurse, und auch Unterricht via Skype ist mittlerweile eine gute Alternative. Dann hei\u00dft es nur noch \u00fcben, \u00fcben, \u00fcben.<\/p>\n\n\n\n<p>Lasst euch nicht frustrieren, es ist noch kein Meister vom Himmel gefallen, und mit 20 Minuten \u00dcben pro Tag geht\u2019s schnell voran.<\/p>\n\n\n\n<h2 class=\"wp-block-heading\">Wie teuer ist Dudelsack spielen?<\/h2>\n\n\n\n<p>Ich denke alles unter 500 Euro f\u00fcr ein neues Instrument ist wahrscheinlich rausgeschmissenes Geld. Es gibt einige Hersteller die Instrumente in diesem Preissegment anbieten, doch das meiste ist \u201eMade in Pakistan\u201c (kein Scherz) und funktioniert schlicht nicht. So richtig los geht es bei 1000 Euro, Luft nach oben ist nat\u00fcrlich immer. Am besten l\u00e4sst man sich von einem Instrumentenbauer oder jemandem beraten der schon lange Dudelsack spielt.<\/p>\n\n\n\n<p>Was man f\u00fcr Unterricht und Kurse ausgeben sollte h\u00e4ngt davon ab, wie viel Input man braucht. Wer die Chance hat einen Lehrer aus seiner Region zu besuchen sollte die Gelegenheit ergreifen. Meist geht\u2019s da so bei ca. 30 Euro die Stunde los. Kurse \u2013 die auch als soziales Event nicht zu untersch\u00e4tzen sind \u2013 kosten meist so 150 Euro aufw\u00e4rts f\u00fcr ein Wochenende.<\/p>\n\n\n\n<h2 class=\"wp-block-heading\">Welches Lehrwerk w\u00fcrdest Du empfehlen?<\/h2>\n\n\n\n<p>Es gibt nur wenige Lehrb\u00fccher f\u00fcr den Dudelsack auf dem Markt. Technisch gut, wenn auch eigentlich f\u00fcr einen franz\u00f6sischen Spielstil ausgelegt und daher durchaus empfehlenswert ist \u201eDudelsack spielen\u201c von Bernard Boulanger. Wer sich technisch etwas breiter aufstellen m\u00f6chte findet einiges f\u00fcr Schottischen Dudelsack und andere \u201einsulare\u201c Dudelsacktypen im englischsprachigen Raum, aber au\u00dfer dem Buch von Boulanger gibt es meines Wissens kein weiteres Lehrwerk f\u00fcr die Dudelsacktypen, die ich baue.<\/p>\n\n\n\n<div class=\"wp-block-media-text alignfull is-stacked-on-mobile is-vertically-aligned-center\"><figure class=\"wp-block-media-text__media\"><img loading=\"lazy\" decoding=\"async\" width=\"683\" height=\"1024\" src=\"https:\/\/folk.world\/wp-content\/uploads\/2020\/11\/KGY_2733-683x1024.jpg\" alt=\"Musiker Matthias Branschke spielt das Schulmodell seiner Sch\u00e4ferpfeife\" class=\"wp-image-14844\" title=\"\" srcset=\"https:\/\/folk.world\/wp-content\/uploads\/2020\/11\/KGY_2733-683x1024.jpg 683w, https:\/\/folk.world\/wp-content\/uploads\/2020\/11\/KGY_2733-200x300.jpg 200w, https:\/\/folk.world\/wp-content\/uploads\/2020\/11\/KGY_2733-768x1152.jpg 768w, https:\/\/folk.world\/wp-content\/uploads\/2020\/11\/KGY_2733-1024x1536.jpg 1024w, https:\/\/folk.world\/wp-content\/uploads\/2020\/11\/KGY_2733-324x486.jpg 324w, https:\/\/folk.world\/wp-content\/uploads\/2020\/11\/KGY_2733-416x624.jpg 416w, https:\/\/folk.world\/wp-content\/uploads\/2020\/11\/KGY_2733.jpg 1365w\" sizes=\"auto, (max-width: 683px) 100vw, 683px\" \/><\/figure><div class=\"wp-block-media-text__content\">\n<h2 class=\"wp-block-heading\">Kommt der Dudelsack aus der traditionellen Musik?<\/h2>\n\n\n\n<p>Der <a href=\"https:\/\/folk.world\/de\/tag\/dudelsack\/\" class=\"rank-math-link\">Dudelsack<\/a> ist das Instrument der traditionellen Musik in fast ganz Europa bis ins 18. Jahrhundert gewesen. Auf ihm ist sozusagen die Discomusik der Zeit gespielt worden. Klar, die Menschen wollten schon immer tanzen, und ein Dudelsack kann sich auch alleine gut akustisch durchsetzen, damit h\u00e4lt man bei einem Tanzabend die Kosten klein, braucht nur einen Musikanten und schon kann die Party steigen. Daher ist der Dudelsack untrennbar mit traditioneller Musik verbunden.<\/p>\n\n\n\n<h2 class=\"wp-block-heading\">Gibt es Noten f\u00fcr traditionelle Dudelsackmusik?<\/h2>\n\n\n\n<p>Alles was es an Quellen mit traditioneller Musik gibt, ist von Geigern aufgeschrieben worden. Daher passen die St\u00fccke oft nicht direkt auf den Dudelsack. Mit ein bisschen Geschick lassen sich viele Melodien anpassen. Wenn man sich auf die Reise begeben m\u00f6chte kann ich ein bisschen musiktheoretische Grundlage durchaus empfehlen. Ein Kreis von Leuten mit denen ich recht gut befreundet bin haben sich mit dem Thema intensiv auseinandergesetzt. Wer da mal reinschnuppern m\u00f6chte: <a href=\"http:\/\/tanzmusikarchiv.de\/\" target=\"_blank\" rel=\"noopener\">Tanzmusikarchiv<\/a><\/p>\n<\/div><\/div>\n\n\n\n<h2 class=\"wp-block-heading\">Was m\u00f6chtest Du uns mit auf den Weg geben?<\/h2>\n\n\n\n<p>Traut euch! Wenn Dich der Dudelsack interessiert, solltest Du ihm eine Chance geben und das Instrument<br>ausprobieren. Die Welt des Dudelsacks ist unglaublich faszinierend und vielseitig und damit auf jeden<br>Fall eine musikalische Reise wert.<\/p>\n\n\n\n<hr class=\"wp-block-separator\"\/>\n\n\n\n<p><strong>Weitere Beitr\u00e4ge:<\/strong><\/p>\n\n\n<ul class=\"wp-block-latest-posts__list is-grid columns-3 has-author wp-block-latest-posts\"><li><div class=\"wp-block-latest-posts__featured-image\"><a href=\"https:\/\/folk.world\/de\/blog\/2023\/11\/21\/bewirb-dich-jetzt-deine-chance-im-jugendfolkorchester\/\"><img loading=\"lazy\" decoding=\"async\" width=\"300\" height=\"300\" src=\"https:\/\/folk.world\/wp-content\/uploads\/2023\/11\/JFO_Logo_square-300x300.jpg\" class=\"attachment-medium size-medium wp-post-image\" alt=\"-\" style=\"\" srcset=\"https:\/\/folk.world\/wp-content\/uploads\/2023\/11\/JFO_Logo_square-300x300.jpg 300w, https:\/\/folk.world\/wp-content\/uploads\/2023\/11\/JFO_Logo_square-1024x1024.jpg 1024w, https:\/\/folk.world\/wp-content\/uploads\/2023\/11\/JFO_Logo_square-150x150.jpg 150w, https:\/\/folk.world\/wp-content\/uploads\/2023\/11\/JFO_Logo_square-768x768.jpg 768w, https:\/\/folk.world\/wp-content\/uploads\/2023\/11\/JFO_Logo_square-1536x1536.jpg 1536w, https:\/\/folk.world\/wp-content\/uploads\/2023\/11\/JFO_Logo_square-324x324.jpg 324w, https:\/\/folk.world\/wp-content\/uploads\/2023\/11\/JFO_Logo_square-416x416.jpg 416w, https:\/\/folk.world\/wp-content\/uploads\/2023\/11\/JFO_Logo_square-100x100.jpg 100w, https:\/\/folk.world\/wp-content\/uploads\/2023\/11\/JFO_Logo_square-64x64.jpg 64w, https:\/\/folk.world\/wp-content\/uploads\/2023\/11\/JFO_Logo_square.jpg 1920w\" sizes=\"auto, (max-width: 300px) 100vw, 300px\" title=\"\"><\/a><\/div><a class=\"wp-block-latest-posts__post-title\" href=\"https:\/\/folk.world\/de\/blog\/2023\/11\/21\/bewirb-dich-jetzt-deine-chance-im-jugendfolkorchester\/\">Bewirb Dich jetzt: Deine Chance im Jugendfolkorchester<\/a><div class=\"wp-block-latest-posts__post-author\">von Folk.World<\/div><div class=\"wp-block-latest-posts__post-excerpt\">Musikbegeisterte Jugendliche und junge Erwachsene, aufgepasst! Im Juli 2024 erleben wir die Premiere des Jugendfolkorchester\u2026\u00a0<a class=\"wp-block-latest-posts__read-more\" href=\"https:\/\/folk.world\/de\/blog\/2023\/11\/21\/bewirb-dich-jetzt-deine-chance-im-jugendfolkorchester\/\" rel=\"noopener noreferrer\"><span class=\"screen-reader-text\">Bewirb Dich jetzt: Deine Chance im Jugendfolkorchester <\/span>weiterlesen<\/a><\/div><\/li>\n<li><div class=\"wp-block-latest-posts__featured-image\"><a href=\"https:\/\/folk.world\/de\/blog\/2023\/07\/24\/rezension-zur-ep-majoljod-von-yangens\/\"><img loading=\"lazy\" decoding=\"async\" width=\"300\" height=\"300\" src=\"https:\/\/folk.world\/wp-content\/uploads\/2023\/07\/unnamed-3-300x300.jpg\" class=\"attachment-medium size-medium wp-post-image\" alt=\"EP &quot;Majolj\u00f3\u00f0&quot; von Yangens\" style=\"\" srcset=\"https:\/\/folk.world\/wp-content\/uploads\/2023\/07\/unnamed-3-300x300.jpg 300w, https:\/\/folk.world\/wp-content\/uploads\/2023\/07\/unnamed-3-1024x1024.jpg 1024w, https:\/\/folk.world\/wp-content\/uploads\/2023\/07\/unnamed-3-150x150.jpg 150w, https:\/\/folk.world\/wp-content\/uploads\/2023\/07\/unnamed-3-768x768.jpg 768w, https:\/\/folk.world\/wp-content\/uploads\/2023\/07\/unnamed-3-324x324.jpg 324w, https:\/\/folk.world\/wp-content\/uploads\/2023\/07\/unnamed-3-416x416.jpg 416w, https:\/\/folk.world\/wp-content\/uploads\/2023\/07\/unnamed-3-100x100.jpg 100w, https:\/\/folk.world\/wp-content\/uploads\/2023\/07\/unnamed-3-64x64.jpg 64w, https:\/\/folk.world\/wp-content\/uploads\/2023\/07\/unnamed-3.jpg 1500w\" sizes=\"auto, (max-width: 300px) 100vw, 300px\" title=\"\"><\/a><\/div><a class=\"wp-block-latest-posts__post-title\" href=\"https:\/\/folk.world\/de\/blog\/2023\/07\/24\/rezension-zur-ep-majoljod-von-yangens\/\">Rezension zur EP &#8220;Majolj\u00f3\u00f0&#8221; von Yangens<\/a><div class=\"wp-block-latest-posts__post-author\">von Folk.World<\/div><div class=\"wp-block-latest-posts__post-excerpt\">Die &#8220;Majolj\u00f3\u00f0 EP&#8221; von Yangens ist eine bewegende musikalische Reise, die am 15. Juli 2023\u2026\u00a0<a class=\"wp-block-latest-posts__read-more\" href=\"https:\/\/folk.world\/de\/blog\/2023\/07\/24\/rezension-zur-ep-majoljod-von-yangens\/\" rel=\"noopener noreferrer\"><span class=\"screen-reader-text\">Rezension zur EP &#8220;Majolj\u00f3\u00f0&#8221; von Yangens <\/span>weiterlesen<\/a><\/div><\/li>\n<li><div class=\"wp-block-latest-posts__featured-image\"><a href=\"https:\/\/folk.world\/de\/blog\/2023\/06\/06\/16-klangrauschtreffen\/\"><img loading=\"lazy\" decoding=\"async\" width=\"300\" height=\"226\" src=\"https:\/\/folk.world\/wp-content\/uploads\/2023\/05\/043-e1684527575315-300x226.jpg\" class=\"attachment-medium size-medium wp-post-image\" alt=\"-\" style=\"\" srcset=\"https:\/\/folk.world\/wp-content\/uploads\/2023\/05\/043-e1684527575315-300x226.jpg 300w, https:\/\/folk.world\/wp-content\/uploads\/2023\/05\/043-e1684527575315-324x244.jpg 324w, https:\/\/folk.world\/wp-content\/uploads\/2023\/05\/043-e1684527575315-416x313.jpg 416w, https:\/\/folk.world\/wp-content\/uploads\/2023\/05\/043-e1684527575315-64x48.jpg 64w, https:\/\/folk.world\/wp-content\/uploads\/2023\/05\/043-e1684527575315.jpg 601w\" sizes=\"auto, (max-width: 300px) 100vw, 300px\" title=\"\"><\/a><\/div><a class=\"wp-block-latest-posts__post-title\" href=\"https:\/\/folk.world\/de\/blog\/2023\/06\/06\/16-klangrauschtreffen\/\">16. KlangRauschTreffen (16. &#8211; 18. Juni 2023)<\/a><div class=\"wp-block-latest-posts__post-author\">von Folk.World<\/div><div class=\"wp-block-latest-posts__post-excerpt\">Treffe beim KlangRauschTreffen Drehleier-, Dudelsack- und Nyckelharpa-Spieler:innen sowie viele weitere Gleichgesinnte, und feiere drei Tage voller Musik, Tanz und Freude. Erlebe Konzerte, Workshops, den Volkslied-Wettbewerb und besuche die Instrumentenbauer. Jetzt anmelden und dabei sein!<\/div><\/li>\n<\/ul>","protected":false},"excerpt":{"rendered":"<p>Matthias Branschke ist Instrumentenbauer aus Berlin. Sein Angebot umfasst Dudels\u00e4cke nach franz\u00f6sischem und schwedischem Vorbild. Gleicherma\u00dfen ist Matthias professioneller Musiker und Dozent auf Dudelsack-Workshops. F\u00fcr Folk.World gibt Matthias in seinem Gastbeitrag wertvolle Tipps f\u00fcr Dudelsack-Neulinge und angehende Dudelsackspieler. Matthias Branschke, was ist Deine Motivation als Instrumentenbauer? Ende der 90er im Alter von 12 Jahren habe [&hellip;]<\/p>\n","protected":false},"author":1,"featured_media":14832,"comment_status":"open","ping_status":"open","sticky":false,"template":"","format":"standard","meta":{"footnotes":""},"categories":[59,668],"tags":[1149,1162,180,784,1153,194,1146,1160,1150,1155,1148,373,1161,1147,1152,1154,1159,1158,1157,1151,1163,1156],"class_list":["post-14807","post","type-post","status-publish","format-standard","has-post-thumbnail","hentry","category-folk-roots-kultur-traditionen","category-folkblog","tag-berlin","tag-bernard-boulanger","tag-deutsche-tradition","tag-deutschland","tag-dozent","tag-dudelsack","tag-dudelsackbauer","tag-dudelsacklehrer","tag-franzoesischer-dudelsack","tag-halbgeschlossene-griffweise","tag-instrumentenbauer","tag-lehrbuch","tag-lehrwerk","tag-matthias-branschke","tag-musiker","tag-ralf-gehler","tag-saeckpipa","tag-schaeferpfeife","tag-schulinstrument","tag-schwedischer-dudelsack","tag-traditionelle-musik","tag-voll-chromatisch"],"_links":{"self":[{"href":"https:\/\/folk.world\/de\/wp-json\/wp\/v2\/posts\/14807","targetHints":{"allow":["GET"]}}],"collection":[{"href":"https:\/\/folk.world\/de\/wp-json\/wp\/v2\/posts"}],"about":[{"href":"https:\/\/folk.world\/de\/wp-json\/wp\/v2\/types\/post"}],"author":[{"embeddable":true,"href":"https:\/\/folk.world\/de\/wp-json\/wp\/v2\/users\/1"}],"replies":[{"embeddable":true,"href":"https:\/\/folk.world\/de\/wp-json\/wp\/v2\/comments?post=14807"}],"version-history":[{"count":15,"href":"https:\/\/folk.world\/de\/wp-json\/wp\/v2\/posts\/14807\/revisions"}],"predecessor-version":[{"id":14905,"href":"https:\/\/folk.world\/de\/wp-json\/wp\/v2\/posts\/14807\/revisions\/14905"}],"wp:featuredmedia":[{"embeddable":true,"href":"https:\/\/folk.world\/de\/wp-json\/wp\/v2\/media\/14832"}],"wp:attachment":[{"href":"https:\/\/folk.world\/de\/wp-json\/wp\/v2\/media?parent=14807"}],"wp:term":[{"taxonomy":"category","embeddable":true,"href":"https:\/\/folk.world\/de\/wp-json\/wp\/v2\/categories?post=14807"},{"taxonomy":"post_tag","embeddable":true,"href":"https:\/\/folk.world\/de\/wp-json\/wp\/v2\/tags?post=14807"}],"curies":[{"name":"wp","href":"https:\/\/api.w.org\/{rel}","templated":true}]}}