{"id":149,"date":"2014-09-12T08:00:07","date_gmt":"2014-09-12T06:00:07","guid":{"rendered":"http:\/\/worldoffolk.wordpress.com\/?p=149"},"modified":"2017-11-29T23:13:29","modified_gmt":"2017-11-29T23:13:29","slug":"tff-rudolstadt-2014-einmal-tff-hin-und-zuruck-oder-mina-im-zauberland-teil-ii","status":"publish","type":"post","link":"https:\/\/folk.world\/de\/blog\/2014\/09\/12\/tff-rudolstadt-2014-einmal-tff-hin-und-zuruck-oder-mina-im-zauberland-teil-ii\/","title":{"rendered":"[TFF.Rudolstadt 2014] Einmal TFF hin und zur\u00fcck \u2013 oder Mina im Zauberland, Teil II"},"content":{"rendered":"<p>Und dort begann es dann, das traumhafte Spektakel. Wir haben so viele wundervolle Orte besucht, tolle K\u00fcnstler gesehen und H\u00e4ndlerst\u00e4nde best\u00f6bert! Es war und ist immer noch zutiefst beeindruckend, was man dort alles sieht, h\u00f6rt und erlebt. Die Highlights des Freitags war f\u00fcr mich zum einen definitiv das <a title=\"Jasper L Trio\" href=\"http:\/\/www.jasparlibuda.de\/\" target=\"_blank\" rel=\"noopener\">Jasper Libuda Trio<\/a> aus Berlin, die f\u00fcr uns den Auftakt am Freitag auf dem Theraterplatz gaben. Besonders beeindruckend fanden Joe und ich den Bassisten der Band.<br \/>\n<!--more--><br \/>\nWer mal reinh\u00f6ren m\u00f6chte, findet <a title=\"Jasper Lieder\" href=\"https:\/\/www.youtube.com\/user\/jasparlibuda\" target=\"_blank\" rel=\"noopener\">hier <\/a>die M\u00f6glichkeit. Zum anderen zog mich oder vielmehr uns beide der Auftritt des Esten <a title=\"Silver Sepp Rudolstadt\" href=\"https:\/\/tff-rudolstadt.de\/de\/artistdetail\/artist\/702.html\" target=\"_blank\" rel=\"noopener\">Silver Sepp<\/a> in seinen Bann. Silver Sepp macht Musik auf Dingen, die im Alltag findet. Auf Fahrradschl\u00e4uchen, selbstgebauten Nagelbrettern, mit verschieden gef\u00fcllten PET-Flaschen. Und dazu singt er Lieder in seiner Muttersprache, animiert zum Mitmachen und l\u00e4dt dazu ein, sich einfach selbst ein St\u00fcck zu vergessen und sich dabei gleichzeitig neu zu finden. Der Ort an dem er Auftrat trug noch dazu bei, dass sein Auftritt einfach unglaublich toll r\u00fcberkam. Er spielte in einer kleinen Nische auf dem Neumarkt. Man sa\u00df gem\u00fctlich beisammen und hatte sogar etwas Schatten.<\/p>\n<p>Beeindruckend war ebenfalls eine Gruppe aus dem Kaukasus, die sich<a title=\"Gudrejeff\" href=\"https:\/\/tff-rudolstadt.de\/de\/artistdetail\/artist\/662.html\" target=\"_blank\" rel=\"noopener\"> \u201eThe Gurdjieff Ensemble of Traditional Folk Instruments\u201c<\/a> nennt. Das gro\u00dfe Ensemble wurde gegr\u00fcndet, um die St\u00fccke von Georges I. Gurdjieff zu spielen. Die Gruppe verbindet die St\u00fccke von ihm mit armenischer Folklore und Spiritualit\u00e4t. Wir sahen ihren Auftritt in der Kirche, die die Interpretationen noch einmal besonders hervorhob.<\/p>\n<p>In der Stadt gab es viele K\u00fcnstler, die einfach so auftraten, in kleinen Nischen zwischen den H\u00e4ndlerst\u00e4nden auf der Stra\u00dfe spielten oder sich an Pl\u00e4tzen zu spontanten Sessions zusammenfanden. Dort gab es auch eine Gruppe ganz junger Musiker aus Rudolstadt selbst, deren Namen ich leider vergessen habe. Sie haben unglaublich gut Gitarre gespielt! Da blieb man gerne an die Hauswand gelehnt stehen und verga\u00df f\u00fcr eine Weile alles drum herum.<\/p>\n<p>Am Abend waren wir noch kurz im Heine-Park, sind aber recht bald zum Zelt. In dieser Nacht fanden wir auch schneller in den Schlaf, da unsere Freunde vom Waldrand-Zelt wohl am Abend zu vor zu laut gesungen und zu wenig Schlaf hatten&#8230; Fortsetzung folgt&#8230;<\/p>\n","protected":false},"excerpt":{"rendered":"<p>Und dort begann es dann, das traumhafte Spektakel. Wir haben so viele wundervolle Orte besucht, tolle K\u00fcnstler gesehen und H\u00e4ndlerst\u00e4nde best\u00f6bert! Es war und ist immer noch zutiefst beeindruckend, was man dort alles sieht, h\u00f6rt und erlebt. Die Highlights des Freitags war f\u00fcr mich zum einen definitiv das Jasper Libuda Trio aus Berlin, die f\u00fcr [&hellip;]<\/p>\n","protected":false},"author":1,"featured_media":0,"comment_status":"open","ping_status":"open","sticky":false,"template":"","format":"standard","meta":{"footnotes":""},"categories":[60],"tags":[236,243,424,482,556],"class_list":["post-149","post","type-post","status-publish","format-standard","hentry","category-folk-tisch-berichte-geschichten","tag-folk","tag-folkfestival","tag-musikfestival","tag-rudolstadt","tag-tff-rudolstadt"],"_links":{"self":[{"href":"https:\/\/folk.world\/de\/wp-json\/wp\/v2\/posts\/149","targetHints":{"allow":["GET"]}}],"collection":[{"href":"https:\/\/folk.world\/de\/wp-json\/wp\/v2\/posts"}],"about":[{"href":"https:\/\/folk.world\/de\/wp-json\/wp\/v2\/types\/post"}],"author":[{"embeddable":true,"href":"https:\/\/folk.world\/de\/wp-json\/wp\/v2\/users\/1"}],"replies":[{"embeddable":true,"href":"https:\/\/folk.world\/de\/wp-json\/wp\/v2\/comments?post=149"}],"version-history":[{"count":1,"href":"https:\/\/folk.world\/de\/wp-json\/wp\/v2\/posts\/149\/revisions"}],"predecessor-version":[{"id":1760,"href":"https:\/\/folk.world\/de\/wp-json\/wp\/v2\/posts\/149\/revisions\/1760"}],"wp:attachment":[{"href":"https:\/\/folk.world\/de\/wp-json\/wp\/v2\/media?parent=149"}],"wp:term":[{"taxonomy":"category","embeddable":true,"href":"https:\/\/folk.world\/de\/wp-json\/wp\/v2\/categories?post=149"},{"taxonomy":"post_tag","embeddable":true,"href":"https:\/\/folk.world\/de\/wp-json\/wp\/v2\/tags?post=149"}],"curies":[{"name":"wp","href":"https:\/\/api.w.org\/{rel}","templated":true}]}}