{"id":14929,"date":"2020-12-10T19:21:14","date_gmt":"2020-12-10T18:21:14","guid":{"rendered":"https:\/\/folk.world\/?p=14929"},"modified":"2020-12-10T19:21:24","modified_gmt":"2020-12-10T18:21:24","slug":"schneewittchen-und-die-siebte-zwergin-von-patatras","status":"publish","type":"post","link":"https:\/\/folk.world\/de\/blog\/2020\/12\/10\/schneewittchen-und-die-siebte-zwergin-von-patatras\/","title":{"rendered":"\u201eSchneewittchen und die siebte Zwergin\u201c von Patatras!  \u2013 eine musikalische Reise"},"content":{"rendered":"\n<p>Es beginnt damit, dass in einem Caf\u00e9 am linken Seine-Ufer in Paris eine Geige und ein Akkordeon spielen. Englisch sprechende Touristen sitzen an einem Tisch und trinken deutsches Bier. Jemand lacht laut. Ein hoher Ton der Geige fliegt fiepend durch den Raum. Der (arrogante) franz\u00f6sische Kellner hebt eine Augenbraue.<\/p>\n\n\n\n\n\n<p>Folk.World nimmt diese Szene zum Anlass f\u00fcr eine Folk Review des Albums \u201eSchneewittchen und die siebte Zwergin\u201c von Patatras.<\/p>\n\n\n\n<h2 class=\"wp-block-heading\">Bilder im Kopf<\/h2>\n\n\n\n<p>Wenn das St\u00fcck \u201eJoli Coeur\u201c an Paris denken l\u00e4sst, geht es bei \u201eSchneewittchen und die siebte Zwergin\u201c bald weiter zu den zerkl\u00fcfteten K\u00fcsten Asturiens. Wenig sp\u00e4ter stehst Du in Schweden am Zaun der Villa Kunterbunt. Im Anschluss siehst Du Dich mit tr\u00e4nennassen Augen zu Turlough O\u02bcCarolans \u201eFanny Power\u201c \u00fcber Irlands gr\u00fcne Wiesen ziehen. Die Schafe wenden verwundert ihre K\u00f6pfe zu Dir um. Du bist inzwischen im M\u00fcnsterland auf einer Bauernhochzeit. Und Du drehst dich im Kreis zum Klang von Geige und Akkordeon. Du tanzt!<\/p>\n\n\n\n<figure class=\"wp-block-image size-large\"><a href=\"https:\/\/amzn.to\/3qA0Bdj\" target=\"_blank\" rel=\"noopener\"><img loading=\"lazy\" decoding=\"async\" width=\"1024\" height=\"1024\" src=\"\/\/i2.wp.com\/folk.world\/wp-content\/uploads\/2020\/12\/Patatras-Foto-CD-1024x1024.jpeg\" alt=\"Album &quot;Schneewittchen und die siebte Zwergin&quot; von Patatras!\" class=\"wp-image-14939\" title=\"\" srcset=\"https:\/\/folk.world\/wp-content\/uploads\/2020\/12\/Patatras-Foto-CD-1024x1024.jpeg 1024w, https:\/\/folk.world\/wp-content\/uploads\/2020\/12\/Patatras-Foto-CD-300x300.jpeg 300w, https:\/\/folk.world\/wp-content\/uploads\/2020\/12\/Patatras-Foto-CD-150x150.jpeg 150w, https:\/\/folk.world\/wp-content\/uploads\/2020\/12\/Patatras-Foto-CD-768x768.jpeg 768w, https:\/\/folk.world\/wp-content\/uploads\/2020\/12\/Patatras-Foto-CD-1536x1536.jpeg 1536w, https:\/\/folk.world\/wp-content\/uploads\/2020\/12\/Patatras-Foto-CD-324x324.jpeg 324w, https:\/\/folk.world\/wp-content\/uploads\/2020\/12\/Patatras-Foto-CD-416x416.jpeg 416w, https:\/\/folk.world\/wp-content\/uploads\/2020\/12\/Patatras-Foto-CD-100x100.jpeg 100w, https:\/\/folk.world\/wp-content\/uploads\/2020\/12\/Patatras-Foto-CD.jpeg 2048w\" sizes=\"auto, (max-width: 1024px) 100vw, 1024px\" \/><\/a><figcaption>Album &#8220;Schneewittchen und die siebte Zwergin&#8221; von Patatras auf <a class=\"rank-math-link\" href=\"https:\/\/amzn.to\/3qA0Bdj\" target=\"_blank\" rel=\"noopener\">Amazon.de<\/a><\/figcaption><\/figure>\n\n\n\n<p>Um Missverst\u00e4ndnissen vorzubeugen, \u201eSchneewittchen und die siebte Zwergin\u201c ist kein Konzeptalbum. Die Musikerinnen wollen Dich nicht auf eine musikalische Reise durch die sch\u00f6nsten Regionen Europas mitnehmen. Sie haben die St\u00fccke nicht zu diesem Zweck ausgesucht. Die Auswahl auf \u201eSchneewittchen und die siebte Zwergin\u201c ist durch das breite Interesse und den Spa\u00df an der Musik bedingt. Die Bilder entstehen in Deinem Kopf, weil die Musik den Raum daf\u00fcr bietet. Die Anspielungen auf bestimmte Orte oder Zeiten sind oft nicht so eindeutig. Deine Bilder werden anders aussehen als meine. Und dann kommt es noch darauf an, ob Du beim H\u00f6ren die Namen der St\u00fccke liest.<\/p>\n\n\n\n<h2 class=\"wp-block-heading\">Brummen und Fiepen<\/h2>\n\n\n\n<p>\u201eSchneewittchen und die siebte Zwergin\u201c enth\u00e4lt ausschlie\u00dflich Instrumentalmusik. Es sind traditionelle T\u00e4nze, viele davon finden sich in der Sammlung Dahlhoff aus der zweiten H\u00e4lfte des 18. Jahrhunderts. Dann ist da Turlough O\u02bcCarolans \u201eFanny Power\u201c, das schon angesprochen wurde. Daneben gibt es die moderne Tradition von Christoph Pelgen und Cyril O\u02bcDonoghue, aber auch ein St\u00fcck von Dagmar Scholz. Lustig wird es, wenn das \u201eLange Socken Menuett\u201c in die Melodie zu Pipi Langstrumpf \u00fcbergeht. Gro\u00dfartig funktioniert die Kombination aus Christoph Pelgens \u201eWinterwalzer\u201c und dem Volkslied \u201eWenn ich ein V\u00f6glein w\u00e4r\u201c.<\/p>\n\n\n\n<iframe src=\"https:\/\/embed.music.apple.com\/us\/album\/schneewittchen-und-die-siebte-zwergin\/1498625518?app=music&amp;itsct=music_box&amp;itscg=30200&amp;at=1010lxDI&amp;ct=albums_schneewittchen_und_die_siebte_zwe&amp;ls=1\" height=\"450px\" frameborder=\"0\" sandbox=\"allow-forms allow-popups allow-same-origin allow-scripts allow-top-navigation-by-user-activation\" allow=\"autoplay *; encrypted-media *;\" style=\"width: 100%; overflow: hidden; border-radius: 10px; background: transparent;\"><\/iframe>\n\n\n\n<p>Auf dem Album \u201eSchneewittchen und die siebte Zwergin\u201c macht das Entdecken Spa\u00df. Du kannst das Album immer wieder h\u00f6ren und den Melodien von Geige und Akkordeon folgen. Die Melodien \u00fcberlagern sich, umschlingen einander, manchmal eilt eine der anderen voraus. Pl\u00f6tzlich liegt unter allem ein Rhythmus, der bald verschwindet und wiederkommt. Die Arrangements auf \u201eSchneewittchen und die siebte Zwergin\u201c sind eigenst\u00e4ndig und ausgefeilt.<\/p>\n\n\n\n<p>Patatras erweckt den Eindruck eines Kammerorchesters, doch Du h\u00f6rst nur Geige und Akkordeon. Die Musikerinnen haben die meisten St\u00fccke live im Studio eingespielt und sind mit wenigen Overdubs ausgekommen. Trotz der Bandbreite der musikalischen Einfl\u00fcsse wirkt das Album wie aus einem Guss. Und was mir pers\u00f6nlich noch viel wichtiger ist: Die Musik klingt an keiner Stelle klinisch. Es quietscht und fiept. Es brummt. Es reibt sich.<\/p>\n\n\n\n<h2 class=\"wp-block-heading\">Zwei von der Musikschule<\/h2>\n\n\n\n<p>Zu einer <a href=\"https:\/\/folk.world\/de\/folkblog\/reviews\/\" class=\"rank-math-link\">Folk Review<\/a> auf Folk.World geh\u00f6ren einige biographische Angaben. Das Duo besteht aus Barbara Kranz und Steffi Budde. Die beiden haben Folk.World im Interview verraten, dass sie sich vor 35 Jahren an der Musikschule kennengelernt haben, an der sie heute lehren. Sie haben zusammen in der Folkrockband Celtic Brew gespielt und sind nach deren Aufl\u00f6sung bei Dancing Willow eingestiegen. Das Duo Patatras existiert seit 2017. Und nun kommt das Deb\u00fctalbum.<\/p>\n\n\n\n<h2 class=\"wp-block-heading\">Auf der B\u00fchne<\/h2>\n\n\n\n<p>Folk.World w\u00fcrde \u201eSchneewittchen und die siebte Zwergin\u201c nach dem H\u00f6ren der CD gern im Konzert erleben, um Dir im Anschluss in einer weiteren Folk Review von dem Auftritt berichten zu k\u00f6nnen. Das lohnt sich schon deswegen, weil die Musikerinnen zwischen den St\u00fccken einiges erz\u00e4hlen. Interessant d\u00fcrfte die Ansage zu dem St\u00fcck \u201eSchneewittchen und die siebte Zwergin\u201c sein. Folk.World wird sich wie alle anderen noch ein wenig gedulden m\u00fcssen.<\/p>\n\n\n\n<p>Bis dahin erz\u00e4hle ich Dir meine Version davon, wie das Duo zu seinem Namen kam: Der (arrogante) franz\u00f6sische Kellner in dem Caf\u00e9 auf dem linken Seine-Ufer hatte beim Klang der fiependen Geige nicht die Augenbraue gehoben. Er drehte langsam den Kopf und rief laut: \u201ePatatras!\u201c<\/p>\n\n\n\n<hr class=\"wp-block-separator\"\/>\n\n\n\n<p><strong>Weitere Beitr\u00e4ge:<\/strong><\/p>\n\n\n<ul class=\"wp-block-latest-posts__list is-grid columns-3 has-author wp-block-latest-posts\"><li><div class=\"wp-block-latest-posts__featured-image\"><a href=\"https:\/\/folk.world\/de\/blog\/2023\/07\/24\/rezension-zur-ep-majoljod-von-yangens\/\"><img loading=\"lazy\" decoding=\"async\" width=\"300\" height=\"300\" src=\"https:\/\/folk.world\/wp-content\/uploads\/2023\/07\/unnamed-3-300x300.jpg\" class=\"attachment-medium size-medium wp-post-image\" alt=\"EP &quot;Majolj\u00f3\u00f0&quot; von Yangens\" style=\"\" srcset=\"https:\/\/folk.world\/wp-content\/uploads\/2023\/07\/unnamed-3-300x300.jpg 300w, https:\/\/folk.world\/wp-content\/uploads\/2023\/07\/unnamed-3-1024x1024.jpg 1024w, https:\/\/folk.world\/wp-content\/uploads\/2023\/07\/unnamed-3-150x150.jpg 150w, https:\/\/folk.world\/wp-content\/uploads\/2023\/07\/unnamed-3-768x768.jpg 768w, https:\/\/folk.world\/wp-content\/uploads\/2023\/07\/unnamed-3-324x324.jpg 324w, https:\/\/folk.world\/wp-content\/uploads\/2023\/07\/unnamed-3-416x416.jpg 416w, https:\/\/folk.world\/wp-content\/uploads\/2023\/07\/unnamed-3-100x100.jpg 100w, https:\/\/folk.world\/wp-content\/uploads\/2023\/07\/unnamed-3-64x64.jpg 64w, https:\/\/folk.world\/wp-content\/uploads\/2023\/07\/unnamed-3.jpg 1500w\" sizes=\"auto, (max-width: 300px) 100vw, 300px\" title=\"\"><\/a><\/div><a class=\"wp-block-latest-posts__post-title\" href=\"https:\/\/folk.world\/de\/blog\/2023\/07\/24\/rezension-zur-ep-majoljod-von-yangens\/\">Rezension zur EP &#8220;Majolj\u00f3\u00f0&#8221; von Yangens<\/a><div class=\"wp-block-latest-posts__post-author\">von Folk.World<\/div><div class=\"wp-block-latest-posts__post-excerpt\">Die &#8220;Majolj\u00f3\u00f0 EP&#8221; von Yangens ist eine bewegende musikalische Reise, die am 15. Juli 2023 ver\u00f6ffentlicht wird. Diese EP ist eine Hommage an Mario\u2026\u00a0<a class=\"wp-block-latest-posts__read-more\" href=\"https:\/\/folk.world\/de\/blog\/2023\/07\/24\/rezension-zur-ep-majoljod-von-yangens\/\" rel=\"noopener noreferrer\"><span class=\"screen-reader-text\">Rezension zur EP &#8220;Majolj\u00f3\u00f0&#8221; von Yangens <\/span>weiterlesen<\/a><\/div><\/li>\n<li><div class=\"wp-block-latest-posts__featured-image\"><a href=\"https:\/\/folk.world\/de\/blog\/2021\/01\/12\/nadishana-somos-live-hug20-festival\/\"><img loading=\"lazy\" decoding=\"async\" width=\"300\" height=\"225\" src=\"https:\/\/folk.world\/wp-content\/uploads\/2020\/12\/Image10-e1608747451509-300x225.png\" class=\"attachment-medium size-medium wp-post-image\" alt=\"-\" style=\"\" srcset=\"https:\/\/folk.world\/wp-content\/uploads\/2020\/12\/Image10-e1608747451509-300x225.png 300w, https:\/\/folk.world\/wp-content\/uploads\/2020\/12\/Image10-e1608747451509-1024x768.png 1024w, https:\/\/folk.world\/wp-content\/uploads\/2020\/12\/Image10-e1608747451509-768x576.png 768w, https:\/\/folk.world\/wp-content\/uploads\/2020\/12\/Image10-e1608747451509-324x243.png 324w, https:\/\/folk.world\/wp-content\/uploads\/2020\/12\/Image10-e1608747451509-416x312.png 416w, https:\/\/folk.world\/wp-content\/uploads\/2020\/12\/Image10-e1608747451509.png 1440w\" sizes=\"auto, (max-width: 300px) 100vw, 300px\" title=\"\"><\/a><\/div><a class=\"wp-block-latest-posts__post-title\" href=\"https:\/\/folk.world\/de\/blog\/2021\/01\/12\/nadishana-somos-live-hug20-festival\/\">Handpan in Perfektion: \u201eLive @ HUG\u02bc20 Festival\u201c von Nadishana &#038; Peter Somos<\/a><div class=\"wp-block-latest-posts__post-author\">von Mark Lang<\/div><div class=\"wp-block-latest-posts__post-excerpt\">Kaum jemand spielt die Hang so vielseitig wie Nadishana. Wie durch ein Wunder durfte er und Peter Somos im Sommer 2020 trotz Corona am\u2026\u00a0<a class=\"wp-block-latest-posts__read-more\" href=\"https:\/\/folk.world\/de\/blog\/2021\/01\/12\/nadishana-somos-live-hug20-festival\/\" rel=\"noopener noreferrer\"><span class=\"screen-reader-text\">Handpan in Perfektion: \u201eLive @ HUG\u02bc20 Festival\u201c von Nadishana &#038; Peter Somos <\/span>weiterlesen<\/a><\/div><\/li>\n<li><div class=\"wp-block-latest-posts__featured-image\"><a href=\"https:\/\/folk.world\/de\/blog\/2020\/12\/23\/circle-divine-von-zirp\/\"><img loading=\"lazy\" decoding=\"async\" width=\"300\" height=\"225\" src=\"https:\/\/folk.world\/wp-content\/uploads\/2020\/12\/ZIRP-Group-e1608748711275-300x225.jpg\" class=\"attachment-medium size-medium wp-post-image\" alt=\"Die Gruppe ZIRP ver\u00f6ffentlich ihr Album &quot;Circle Divine&quot;\" style=\"\" srcset=\"https:\/\/folk.world\/wp-content\/uploads\/2020\/12\/ZIRP-Group-e1608748711275-300x225.jpg 300w, https:\/\/folk.world\/wp-content\/uploads\/2020\/12\/ZIRP-Group-e1608748711275-1024x768.jpg 1024w, https:\/\/folk.world\/wp-content\/uploads\/2020\/12\/ZIRP-Group-e1608748711275-768x576.jpg 768w, https:\/\/folk.world\/wp-content\/uploads\/2020\/12\/ZIRP-Group-e1608748711275-1536x1152.jpg 1536w, https:\/\/folk.world\/wp-content\/uploads\/2020\/12\/ZIRP-Group-e1608748711275-324x243.jpg 324w, https:\/\/folk.world\/wp-content\/uploads\/2020\/12\/ZIRP-Group-e1608748711275-416x312.jpg 416w, https:\/\/folk.world\/wp-content\/uploads\/2020\/12\/ZIRP-Group-e1608748711275.jpg 2048w\" sizes=\"auto, (max-width: 300px) 100vw, 300px\" title=\"\"><\/a><\/div><a class=\"wp-block-latest-posts__post-title\" href=\"https:\/\/folk.world\/de\/blog\/2020\/12\/23\/circle-divine-von-zirp\/\">&#8220;Circle Divine&#8221; von ZiRP: Einzigartiger Drehleier-Sound<\/a><div class=\"wp-block-latest-posts__post-author\">von A-1141689<\/div><div class=\"wp-block-latest-posts__post-excerpt\">Am 23. Oktober 2020 ist das zweite Studioalbum der deutschen Folk-Band ZiRP erschienen. &#8220;Circle Divine&#8221; nennt sich das neue Meisterwerk, das ich euch hier\u2026\u00a0<a class=\"wp-block-latest-posts__read-more\" href=\"https:\/\/folk.world\/de\/blog\/2020\/12\/23\/circle-divine-von-zirp\/\" rel=\"noopener noreferrer\"><span class=\"screen-reader-text\">&#8220;Circle Divine&#8221; von ZiRP: Einzigartiger Drehleier-Sound <\/span>weiterlesen<\/a><\/div><\/li>\n<\/ul>","protected":false},"excerpt":{"rendered":"<p>Es beginnt damit, dass in einem Caf\u00e9 am linken Seine-Ufer in Paris eine Geige und ein Akkordeon spielen. Englisch sprechende Touristen sitzen an einem Tisch und trinken deutsches Bier. Jemand lacht laut. Ein hoher Ton der Geige fliegt fiepend durch den Raum. Der (arrogante) franz\u00f6sische Kellner hebt eine Augenbraue. Folk.World nimmt diese Szene zum Anlass [&hellip;]<\/p>\n","protected":false},"author":94,"featured_media":14932,"comment_status":"open","ping_status":"open","sticky":false,"template":"","format":"standard","meta":{"footnotes":""},"categories":[668,57],"tags":[70,1215,1212,1213,1214,1210,1216,262,1209,1208,1211],"class_list":["post-14929","post","type-post","status-publish","format-standard","has-post-thumbnail","hentry","category-folkblog","category-reviews","tag-akkordeon","tag-celtic-brew","tag-christoph-pelgen","tag-cyril-odonoghue","tag-dagmar-scholz","tag-dahlhoff","tag-dancing-willow","tag-geige","tag-patatras","tag-schneewittchen-und-die-siebte-zwergin","tag-turlough-ocarolan"],"_links":{"self":[{"href":"https:\/\/folk.world\/de\/wp-json\/wp\/v2\/posts\/14929","targetHints":{"allow":["GET"]}}],"collection":[{"href":"https:\/\/folk.world\/de\/wp-json\/wp\/v2\/posts"}],"about":[{"href":"https:\/\/folk.world\/de\/wp-json\/wp\/v2\/types\/post"}],"author":[{"embeddable":true,"href":"https:\/\/folk.world\/de\/wp-json\/wp\/v2\/users\/94"}],"replies":[{"embeddable":true,"href":"https:\/\/folk.world\/de\/wp-json\/wp\/v2\/comments?post=14929"}],"version-history":[{"count":6,"href":"https:\/\/folk.world\/de\/wp-json\/wp\/v2\/posts\/14929\/revisions"}],"predecessor-version":[{"id":14946,"href":"https:\/\/folk.world\/de\/wp-json\/wp\/v2\/posts\/14929\/revisions\/14946"}],"wp:featuredmedia":[{"embeddable":true,"href":"https:\/\/folk.world\/de\/wp-json\/wp\/v2\/media\/14932"}],"wp:attachment":[{"href":"https:\/\/folk.world\/de\/wp-json\/wp\/v2\/media?parent=14929"}],"wp:term":[{"taxonomy":"category","embeddable":true,"href":"https:\/\/folk.world\/de\/wp-json\/wp\/v2\/categories?post=14929"},{"taxonomy":"post_tag","embeddable":true,"href":"https:\/\/folk.world\/de\/wp-json\/wp\/v2\/tags?post=14929"}],"curies":[{"name":"wp","href":"https:\/\/api.w.org\/{rel}","templated":true}]}}