{"id":1606,"date":"2014-09-15T08:00:31","date_gmt":"2014-09-15T06:00:31","guid":{"rendered":"http:\/\/worldoffolk.wordpress.com\/?p=151"},"modified":"2017-11-29T23:13:15","modified_gmt":"2017-11-29T23:13:15","slug":"tff-rudolstadt-2014-einmal-tff-hin-und-zuruck-oder-mina-im-zauberland-teil-iii","status":"publish","type":"post","link":"https:\/\/folk.world\/de\/blog\/2014\/09\/15\/tff-rudolstadt-2014-einmal-tff-hin-und-zuruck-oder-mina-im-zauberland-teil-iii\/","title":{"rendered":"[TFF.Rudolstadt 2014] Einmal TFF hin und zur\u00fcck \u2013 oder Mina im Zauberland, Teil III"},"content":{"rendered":"<p>Am Samstag fr\u00fch ging es recht zeitig in die Innenstadt. Leider fanden wir den K\u00fcnstler, den wir als erstes sehen wollten nicht direkt. Wir liefen etwas planlos durch die Stadt und waren zeitweise etwas frustriert. Dazu muss man folgendes sagen: Es war unglaublich hei\u00df in Rudolstadt. So hei\u00df, dass man sich nur im Schatten aufhalten konnte.<br \/>\n<!--more--><br \/>\nDadurch waren einige Pl\u00e4tze f\u00fcr das dauerhafte Zuschauen einfach undenkbar. Das andere war: Rudolstadt war ausverkauft. Es waren \u00fcber 80.000 Besucher dort. Wenn man einen K\u00fcnstler sehen wollte, musste man lange vor Konzertbeginn an Ort und Stelle sein, um wirklich einen Platz zu finden, an dem man den K\u00fcnstler h\u00f6ren konnte und nicht in der Hitze zerfloss. Daher beschlossen wir einige Konzerte zu streichen und uns bewusst an bestimmten Orten fr\u00fcher einzufinden. Das brachte dann auch die n\u00f6tige Ruhe und Entspannung zur\u00fcck und wir sahen den gro\u00dfartigen <a title=\"Keegan\" href=\"https:\/\/tff-rudolstadt.de\/de\/artistdetail\/artist\/755.html\" target=\"_blank\" rel=\"noopener\">Keegan McInroe<\/a> aus Texas in der Freiligrathstra\u00dfe. Sein Konzert machte einfach nur Spa\u00df. Er spielt souver\u00e4n Gitarre, hat eine unglaublich durchdringende Stimme und hat viel Humor. Einen Teil seines Gigs spielte er spontan mit einem Maultrommelspieler, den er wohl auf dem TFF kennengelernt hatte. Gro\u00dfes Musikkino!<\/p>\n<p>Um 21.00 Uhr stand das besondere Konzert an: <a title=\"Instrumentenschwerpunkt\" href=\"https:\/\/tff-rudolstadt.de\/de\/programm-2014\/instrumentenschwerpunkt.html\" target=\"_blank\" rel=\"noopener\">Magic Bass \u2013 das Schwerpunkthighlight in diesem Jahr<\/a>. Zehn Musiker, die sich zuvor kaum oder nicht kannten, probten einige Stunden gemeinsam, um dann gemeinsam ein Konzert zum Thema \u201eBassinstrumente\u201c zu geben. Es war grandios gut. Mich hat das Konzert total verzaubert. Wer mal reinh\u00f6ren m\u00f6chte, kann sich ab dem 19. Oktober bei <a title=\"BR Klassik\" href=\"http:\/\/www.br.de\/radio\/br-klassik\/br-klassik112.html\" target=\"_blank\" rel=\"noopener\">BR-Klassik<\/a> ein Bild davon machen. Dort werden verschiedene Konzerte aus der Stadtkirche \u00fcber drei Abende vorgestellt. Ich bin mir nicht sicher, kann mir aber vorstellen, dass auch noch einmal Mitschnitte aus dem Magic Bass-Konzert dabei sein werden.<\/p>\n<p>Abgerundet wurde der Abend durch den Auftritt <a title=\"Mercan Dede\" href=\"https:\/\/tff-rudolstadt.de\/de\/artistdetail\/artist\/683.html\" target=\"_blank\" rel=\"noopener\">Mercan Dedes<\/a>, der ab 1.00 Uhr morgens im Heine-Park spielte\/auflegte. Wir lagen da schon im Zelt, aber konnten der Musik trotzdem lauschen. Mercan Dede tr\u00e4gt einem einfach sehr weit fort mit seiner Musik. Ich mag diese Art davongetragen zu werden. Tiefenentspannung pur. Und danach waren die Jungs aus dem Waldrand-Zelt wieder fitter, sangen an diesem Abend oder vielmehr an diesem Morgen aber wundersch\u00f6ne Shanties, bei denen ich dann einschlief und selig tr\u00e4umte&#8230; Fortsetzung folgt&#8230;<\/p>\n","protected":false},"excerpt":{"rendered":"<p>Am Samstag fr\u00fch ging es recht zeitig in die Innenstadt. Leider fanden wir den K\u00fcnstler, den wir als erstes sehen wollten nicht direkt. Wir liefen etwas planlos durch die Stadt und waren zeitweise etwas frustriert. Dazu muss man folgendes sagen: Es war unglaublich hei\u00df in Rudolstadt. So hei\u00df, dass man sich nur im Schatten aufhalten [&hellip;]<\/p>\n","protected":false},"author":1,"featured_media":0,"comment_status":"open","ping_status":"open","sticky":false,"template":"","format":"standard","meta":{"footnotes":""},"categories":[60],"tags":[236,243,424,482,556,608],"class_list":["post-1606","post","type-post","status-publish","format-standard","hentry","category-folk-tisch-berichte-geschichten","tag-folk","tag-folkfestival","tag-musikfestival","tag-rudolstadt","tag-tff-rudolstadt","tag-weltmusik"],"_links":{"self":[{"href":"https:\/\/folk.world\/de\/wp-json\/wp\/v2\/posts\/1606","targetHints":{"allow":["GET"]}}],"collection":[{"href":"https:\/\/folk.world\/de\/wp-json\/wp\/v2\/posts"}],"about":[{"href":"https:\/\/folk.world\/de\/wp-json\/wp\/v2\/types\/post"}],"author":[{"embeddable":true,"href":"https:\/\/folk.world\/de\/wp-json\/wp\/v2\/users\/1"}],"replies":[{"embeddable":true,"href":"https:\/\/folk.world\/de\/wp-json\/wp\/v2\/comments?post=1606"}],"version-history":[{"count":1,"href":"https:\/\/folk.world\/de\/wp-json\/wp\/v2\/posts\/1606\/revisions"}],"predecessor-version":[{"id":1759,"href":"https:\/\/folk.world\/de\/wp-json\/wp\/v2\/posts\/1606\/revisions\/1759"}],"wp:attachment":[{"href":"https:\/\/folk.world\/de\/wp-json\/wp\/v2\/media?parent=1606"}],"wp:term":[{"taxonomy":"category","embeddable":true,"href":"https:\/\/folk.world\/de\/wp-json\/wp\/v2\/categories?post=1606"},{"taxonomy":"post_tag","embeddable":true,"href":"https:\/\/folk.world\/de\/wp-json\/wp\/v2\/tags?post=1606"}],"curies":[{"name":"wp","href":"https:\/\/api.w.org\/{rel}","templated":true}]}}