{"id":1607,"date":"2014-09-18T08:00:06","date_gmt":"2014-09-18T06:00:06","guid":{"rendered":"http:\/\/worldoffolk.wordpress.com\/?p=154"},"modified":"2017-11-29T23:13:01","modified_gmt":"2017-11-29T23:13:01","slug":"tff-rudolstadt-2014-einmal-tff-hin-und-zuruck-oder-mina-im-zauberland-teil-iv","status":"publish","type":"post","link":"https:\/\/folk.world\/de\/blog\/2014\/09\/18\/tff-rudolstadt-2014-einmal-tff-hin-und-zuruck-oder-mina-im-zauberland-teil-iv\/","title":{"rendered":"[TFF.Rudolstadt 2014] Einmal TFF hin und zur\u00fcck \u2013 oder Mina im Zauberland, Teil IV"},"content":{"rendered":"<p>Der Sonntag begann fr\u00fch mit <a title=\"Armin Metz\" href=\"https:\/\/tff-rudolstadt.de\/de\/artistdetail\/artist\/756.html\" target=\"_blank\" rel=\"noopener\">Armin Metz<\/a> im Garten des Schillerhauses (ein toller Ort f\u00fcr Konzerte!). Armin Metz kannten Joe und ich schon von einem anderen Festival aus 2013 und freuten uns sehr, ihn wieder live sehen zu k\u00f6nnen. Bei einem Radler unter einem schattenspendenden Baum lie\u00df es sich auch gut aushalten.<br \/>\n<!--more--><br \/>\nAm fr\u00fchen Nachmittag strandeten wir auf dem Markt; zun\u00e4chst in einer schattigen L\u00fccke zwischen Essensst\u00e4nden, sp\u00e4ter zog es dann erfreulicherweise zu und wir konnten uns vor die B\u00fchne sezten. Dort \u00fcberraschten uns zwei Bands und wurden zu weiteren Festival-Highlights:<\/p>\n<p>Als erstes sahen wir <a title=\"Veseli\" href=\"https:\/\/tff-rudolstadt.de\/de\/artistdetail\/artist\/656.html\" target=\"_blank\" rel=\"noopener\">Veseli Vujky<\/a>, eine wirklich richtig gute Band aus der Urkaine. \u00dcbersetzt bedeutet der Bandname soviel wie \u201elustige Burschen\u201c. Die Band hat es sich zur Aufgabe gemacht, die alten Traditionen der urkainischen Volksmusik aufzugreifen. Interessanterweise nicht, weil sie in Vergessenheit geraten und niemand sich mehr f\u00fcr sie interessieren w\u00fcrde. Nein, vielmehr ist es so, dass die jungen Menschen in der Urkraine sich sehr f\u00fcr ihre Volksmusik interessieren. Sie erleben sie als Symbol der Gemeinschaft. Ihre Musik ist mordern, rockig und lud zum Tanzen ein. Diese Band hat uns wirklich noch einmal wach gemacht f\u00fcr den letzten Festival-Nachmittag und die anstehende Heimfahrt.<br \/>\nDanach trat das <a title=\"Manol\" href=\"https:\/\/tff-rudolstadt.de\/de\/artistdetail\/artist\/681.html\" target=\"_blank\" rel=\"noopener\">Manol Radichev Folk Ensemble<\/a> auf \u2013 Folklore aus den Rhodopen steht da im TFF-Programm. Rhodopen&#8230;Rhodo&#8230;wen? Wie gut, dass das Programmheft des TFF so umfangreich und herausragend ausgearbeitet ist. So erf\u00e4hrt der interessierte Leser und H\u00f6rer n\u00e4mlich direkt, dass die Rhodopen ein Gebirge im S\u00fcden Bulgarien sind, das auch ein bisschen zu Griechenland geh\u00f6rt (also das Gebirge, nicht Bulgarien!). Die Gruppe tanzt alte tradition\u00e4lle Gruppent\u00e4nze, M\u00e4nner und Frauen getrennt und doch miteinander. Begleitet werden die T\u00e4nzer von drei Dudelsackspielern \u2013 zwei gestandenen Bulgaren und einem kleinen, vielleicht elfj\u00e4hrigen M\u00e4dchen. Herrlich. Beim Zuschauen verga\u00df ich v\u00f6llig, dass ich auf einer Holzbank auf einem Markplatz in Th\u00fcringen sa\u00df. Ich war entf\u00fchrt worden \u2013 nach Bulgarien, irgendwo in das Rhodopen-Gebirge.<\/p>\n<p>Abschlie\u00dfend beschlossen wir dann doch noch den Aufstieg zur Heidecksburg. Dort spielte am sp\u00e4teren Nachmittag <a title=\"June Tabor\" href=\"https:\/\/tff-rudolstadt.de\/de\/artistdetail\/artist\/648.html\" target=\"_blank\" rel=\"noopener\">June Tabor zusammen mit der Oysterband<\/a>. An einer schattigen Burgmauer machten wir es uns gem\u00fctlich, tranken eine Tasse wirklich guten Kaffees und lauschten June, die in ihrer tiefen Stimme den Hof erf\u00fcllte.<\/p>\n<p>Und danach machten wir uns auf&#8230;verabschiedeten uns f\u00fcr dieses Jahr St\u00fcck f\u00fcr St\u00fcck von der Stadt, der Musik, dem Mutzenbraten und packten unsere sieben Sachen, sanken ersch\u00f6pft zuerst in unsere Autositze, sp\u00e4ter, nach einer langen Fahrt mit Starkregen und starken Windb\u00f6en, in unser kuscheliges Bett.<\/p>\n<p>Wir sagen DANKE an Rudolstadt! Danke f\u00fcr ein wundervolles Festival 2014. Wir freuen uns auf das n\u00e4chste Jahr!<\/p>\n","protected":false},"excerpt":{"rendered":"<p>Der Sonntag begann fr\u00fch mit Armin Metz im Garten des Schillerhauses (ein toller Ort f\u00fcr Konzerte!). Armin Metz kannten Joe und ich schon von einem anderen Festival aus 2013 und freuten uns sehr, ihn wieder live sehen zu k\u00f6nnen. Bei einem Radler unter einem schattenspendenden Baum lie\u00df es sich auch gut aushalten.<\/p>\n","protected":false},"author":1,"featured_media":0,"comment_status":"open","ping_status":"open","sticky":false,"template":"","format":"standard","meta":{"footnotes":""},"categories":[60],"tags":[236,243,424,482,556,608],"class_list":["post-1607","post","type-post","status-publish","format-standard","hentry","category-folk-tisch-berichte-geschichten","tag-folk","tag-folkfestival","tag-musikfestival","tag-rudolstadt","tag-tff-rudolstadt","tag-weltmusik"],"_links":{"self":[{"href":"https:\/\/folk.world\/de\/wp-json\/wp\/v2\/posts\/1607","targetHints":{"allow":["GET"]}}],"collection":[{"href":"https:\/\/folk.world\/de\/wp-json\/wp\/v2\/posts"}],"about":[{"href":"https:\/\/folk.world\/de\/wp-json\/wp\/v2\/types\/post"}],"author":[{"embeddable":true,"href":"https:\/\/folk.world\/de\/wp-json\/wp\/v2\/users\/1"}],"replies":[{"embeddable":true,"href":"https:\/\/folk.world\/de\/wp-json\/wp\/v2\/comments?post=1607"}],"version-history":[{"count":1,"href":"https:\/\/folk.world\/de\/wp-json\/wp\/v2\/posts\/1607\/revisions"}],"predecessor-version":[{"id":1758,"href":"https:\/\/folk.world\/de\/wp-json\/wp\/v2\/posts\/1607\/revisions\/1758"}],"wp:attachment":[{"href":"https:\/\/folk.world\/de\/wp-json\/wp\/v2\/media?parent=1607"}],"wp:term":[{"taxonomy":"category","embeddable":true,"href":"https:\/\/folk.world\/de\/wp-json\/wp\/v2\/categories?post=1607"},{"taxonomy":"post_tag","embeddable":true,"href":"https:\/\/folk.world\/de\/wp-json\/wp\/v2\/tags?post=1607"}],"curies":[{"name":"wp","href":"https:\/\/api.w.org\/{rel}","templated":true}]}}