{"id":1610,"date":"2014-11-26T23:42:52","date_gmt":"2014-11-26T22:42:52","guid":{"rendered":"http:\/\/worldoffolk.wordpress.com\/?p=299"},"modified":"2019-12-17T17:59:48","modified_gmt":"2019-12-17T16:59:48","slug":"workshop-pflege-und-wartung-von-dudelsacken","status":"publish","type":"post","link":"https:\/\/folk.world\/de\/blog\/2014\/11\/26\/workshop-pflege-und-wartung-von-dudelsacken\/","title":{"rendered":"Workshop: Pflege und Wartung von Dudels\u00e4cken"},"content":{"rendered":"\n<p>Am 8. Dezember zeigt Thomas Z\u00f6ller in seiner Dudelsack-Akademie, wie Anf\u00e4nger und fortgeschrittene Dudelsackspieler den Sack auf Dichte testen, einbinden, \u00f6len, s\u00e4ubern, in Stand halten.<\/p>\n\n\n\n<p>Der Workshop ist geeignet f\u00fcr den schottischen Dudelsack, den Irischen Dudelsack und den mittelalterlichen Dudelsack.<\/p>\n\n\n\n<h2 class=\"moz-text-html wp-block-heading\">Datum, Ort und Kursgeb\u00fchr<\/h2>\n\n\n\n<ul class=\"wp-block-list\"><li><strong>Datum:<\/strong> Montag, der 8.12.2014, 19:30 &#8211; 21 Uhr<\/li><li><strong>Ort:<\/strong> <a href=\"http:\/\/www.dudelsack-akademie.de\/\" target=\"_blank\" rel=\"noopener noreferrer\">Dudelsack-Akademie<\/a>, Hauptstr. 68, 65719 Hofheim a. Ts.<\/li><li><strong>Kursgeb\u00fchr:<\/strong> \u20ac 30,- bzw. \u20ac 20,- f\u00fcr Sch\u00fcler der Dudelsack-Akademie (Endpreise, einschlie\u00dflich der ggf. anwendbaren Umsatzsteuer). <a href=\"http:\/\/www.dudelsack-kurse.de\/dudelsackkurs-buchen\/\" target=\"_blank\" rel=\"noopener\">Zur Anmeldung<\/a>.<\/li><\/ul>\n","protected":false},"excerpt":{"rendered":"<p>Am 8. Dezember zeigt Thomas Z\u00f6ller in seiner Dudelsack-Akademie, wie Anf\u00e4nger und fortgeschrittene Dudelsackspieler den Sack auf Dichte testen, einbinden, \u00f6len, s\u00e4ubern, in Stand halten. Der Workshop ist geeignet f\u00fcr den schottischen Dudelsack, den Irischen Dudelsack und den mittelalterlichen Dudelsack. Datum, Ort und Kursgeb\u00fchr Datum: Montag, der 8.12.2014, 19:30 &#8211; 21 Uhr Ort: Dudelsack-Akademie, Hauptstr. [&hellip;]<\/p>\n","protected":false},"author":1,"featured_media":601,"comment_status":"open","ping_status":"open","sticky":false,"template":"","format":"standard","meta":{"footnotes":""},"categories":[58],"tags":[196,412,506,561],"class_list":["post-1610","post","type-post","status-publish","format-standard","has-post-thumbnail","hentry","category-folk-lernen-musikworkshops","tag-dudelsack-akademie","tag-mittelalterlicher-dudelsack","tag-schottischer-dudelsack","tag-thomas-zoller"],"_links":{"self":[{"href":"https:\/\/folk.world\/de\/wp-json\/wp\/v2\/posts\/1610","targetHints":{"allow":["GET"]}}],"collection":[{"href":"https:\/\/folk.world\/de\/wp-json\/wp\/v2\/posts"}],"about":[{"href":"https:\/\/folk.world\/de\/wp-json\/wp\/v2\/types\/post"}],"author":[{"embeddable":true,"href":"https:\/\/folk.world\/de\/wp-json\/wp\/v2\/users\/1"}],"replies":[{"embeddable":true,"href":"https:\/\/folk.world\/de\/wp-json\/wp\/v2\/comments?post=1610"}],"version-history":[{"count":3,"href":"https:\/\/folk.world\/de\/wp-json\/wp\/v2\/posts\/1610\/revisions"}],"predecessor-version":[{"id":13717,"href":"https:\/\/folk.world\/de\/wp-json\/wp\/v2\/posts\/1610\/revisions\/13717"}],"wp:featuredmedia":[{"embeddable":true,"href":"https:\/\/folk.world\/de\/wp-json\/wp\/v2\/media\/601"}],"wp:attachment":[{"href":"https:\/\/folk.world\/de\/wp-json\/wp\/v2\/media?parent=1610"}],"wp:term":[{"taxonomy":"category","embeddable":true,"href":"https:\/\/folk.world\/de\/wp-json\/wp\/v2\/categories?post=1610"},{"taxonomy":"post_tag","embeddable":true,"href":"https:\/\/folk.world\/de\/wp-json\/wp\/v2\/tags?post=1610"}],"curies":[{"name":"wp","href":"https:\/\/api.w.org\/{rel}","templated":true}]}}