{"id":17473,"date":"2023-06-02T13:56:12","date_gmt":"2023-06-02T11:56:12","guid":{"rendered":"https:\/\/folk.world\/?p=17473"},"modified":"2023-06-06T10:51:40","modified_gmt":"2023-06-06T08:51:40","slug":"festival-saison-und-betriebsferien-wir-sind-vom-16-juni-16-juli-2023-fuer-dich-unterwegs","status":"publish","type":"post","link":"https:\/\/folk.world\/de\/blog\/2023\/06\/02\/festival-saison-und-betriebsferien-wir-sind-vom-16-juni-16-juli-2023-fuer-dich-unterwegs\/","title":{"rendered":"Festival-Saison und Betriebsferien:\u00a0Wir sind vom 16. Juni &#8211; 16. Juli 2023 f\u00fcr Dich unterwegs"},"content":{"rendered":"\n<p>Wir sind total aufgeregt, denn die Festival-Saison hat begonnen! Und das bedeutet, dass Folk.World, Verlag der Spielleute und Bagpipe.de f\u00fcr die n\u00e4chsten Wochen auf drei wunderbaren Folk-Festivals unterwegs sind.<\/p>\n\n\n\n<h2 class=\"wp-block-heading\">Unsere Ausstellungen im Sommer 2023<\/h2>\n\n\n\n<p>Wir freuen uns schon riesig darauf, Dich pers\u00f6nlich zu treffen. Wenn Du uns in diesem Sommer sehen m\u00f6chtest, dann komm doch einfach zu unseren Ausstellungen auf folgenden Festivals vorbei:<\/p>\n\n\n\n<ol class=\"wp-block-list\">\n<li><a href=\"http:\/\/www.klangrauschtreffen.de\/krt\/index.php\/was-erwartet-euch\/instrumentenbauer\" target=\"_blank\" rel=\"noopener\">Klangrauschtreffen<\/a><br>Datum: 16. bis 18. Juni 2023<br>Ort: H\u00f6sseringen  bei Uelzen (Nordosten Niedersachsen)<\/li>\n\n\n\n<li><a href=\"https:\/\/www.interkeltisches-folkfestival.de\/\" target=\"_blank\" rel=\"noopener\">Interkeltisches Folkfestival<br><\/a>Datum: 15. Juli 2023<br>Ort: Hofheim a.Ts. (bei Frankfurt a.M.)<\/li>\n\n\n\n<li><a href=\"https:\/\/www.hessenpark.de\/event\/tag-der-drehleier-alte-musik-mit-geschichte\/\" target=\"_blank\" rel=\"noopener\">Tag der Drehleier<br><\/a>Datum: 16. Juli 2023<br>Ort: Neu-Anspach (Hessen)<\/li>\n<\/ol>\n\n\n\n<h2 class=\"wp-block-heading\">Betriebsferien<\/h2>\n\n\n\n<p>Aber warte mal, bevor du dich auf den Weg machst, m\u00f6chten wir dir noch mitteilen, dass wir w\u00e4hrend dieser Zeit keine Pakete verschicken k\u00f6nnen. Vom 16. Juni bis zum 16. Juli 2023 sind wir unterwegs und k\u00f6nnen daher nur eingeschr\u00e4nkt Sendungen f\u00fcr  Dich aufgeben. Wir m\u00f6chten Dich jedoch ermutigen, weiterhin im Webshop zu bestellen. Bitte hab jedoch Verst\u00e4ndnis daf\u00fcr, dass es aufgrund unserer Abwesenheit zu l\u00e4ngeren Lieferzeiten kommen kann.<\/p>\n\n\n\n<p>Wir danken Dir f\u00fcr Dein Verst\u00e4ndnis und Deine Geduld. Wir k\u00f6nnen es kaum erwarten, Dich auf den Festivals zu treffen und Dir unser umfangreiches Angebot an Sch\u00e4tzen der Folkmusik zu pr\u00e4sentieren. Bis dahin w\u00fcnschen wir Dir eine wundervolle Zeit und einen unvergesslichen Festival-Sommer!<\/p>\n\n\n\n<p><strong>Weitere Beitr\u00e4ge:<\/strong><\/p>\n\n\n<ul class=\"wp-block-latest-posts__list is-grid columns-3 has-dates wp-block-latest-posts\"><li><div class=\"wp-block-latest-posts__featured-image\"><a href=\"https:\/\/folk.world\/de\/blog\/2024\/02\/19\/verlagstransformation-tradition-trifft-innovation\/\"><img loading=\"lazy\" decoding=\"async\" width=\"225\" height=\"300\" src=\"https:\/\/folk.world\/wp-content\/uploads\/2024\/02\/IMG_6879-225x300.jpeg\" class=\"attachment-medium size-medium wp-post-image\" alt=\"-\" style=\"\" srcset=\"https:\/\/folk.world\/wp-content\/uploads\/2024\/02\/IMG_6879-225x300.jpeg 225w, https:\/\/folk.world\/wp-content\/uploads\/2024\/02\/IMG_6879-768x1024.jpeg 768w, https:\/\/folk.world\/wp-content\/uploads\/2024\/02\/IMG_6879-1152x1536.jpeg 1152w, https:\/\/folk.world\/wp-content\/uploads\/2024\/02\/IMG_6879-1536x2048.jpeg 1536w, https:\/\/folk.world\/wp-content\/uploads\/2024\/02\/IMG_6879-324x432.jpeg 324w, https:\/\/folk.world\/wp-content\/uploads\/2024\/02\/IMG_6879-416x555.jpeg 416w, https:\/\/folk.world\/wp-content\/uploads\/2024\/02\/IMG_6879-64x85.jpeg 64w, https:\/\/folk.world\/wp-content\/uploads\/2024\/02\/IMG_6879-scaled.jpeg 1920w\" sizes=\"auto, (max-width: 225px) 100vw, 225px\" title=\"\"><\/a><\/div><a class=\"wp-block-latest-posts__post-title\" href=\"https:\/\/folk.world\/de\/blog\/2024\/02\/19\/verlagstransformation-tradition-trifft-innovation\/\">Verlagstransformation: Tradition trifft Innovation<\/a><time datetime=\"2024-02-19T08:59:41+01:00\" class=\"wp-block-latest-posts__post-date\">19. Februar 2024<\/time><div class=\"wp-block-latest-posts__post-excerpt\">Seit der \u00dcbernahme durch Folk.World vor zwei Jahren fragen sich viele: Was geschieht mit dem traditionsreichen Verlag der Spielleute? Heute brechen wir das Schweigen und laden Dich ein, hinter die Kulissen zu\u2026\u00a0<a class=\"wp-block-latest-posts__read-more\" href=\"https:\/\/folk.world\/de\/blog\/2024\/02\/19\/verlagstransformation-tradition-trifft-innovation\/\" rel=\"noopener noreferrer\"><span class=\"screen-reader-text\">Verlagstransformation: Tradition trifft Innovation <\/span>weiterlesen<\/a><\/div><\/li>\n<li><div class=\"wp-block-latest-posts__featured-image\"><a href=\"https:\/\/folk.world\/de\/blog\/2023\/11\/21\/bewirb-dich-jetzt-deine-chance-im-jugendfolkorchester\/\"><img loading=\"lazy\" decoding=\"async\" width=\"300\" height=\"300\" src=\"https:\/\/folk.world\/wp-content\/uploads\/2023\/11\/JFO_Logo_square-300x300.jpg\" class=\"attachment-medium size-medium wp-post-image\" alt=\"-\" style=\"\" srcset=\"https:\/\/folk.world\/wp-content\/uploads\/2023\/11\/JFO_Logo_square-300x300.jpg 300w, https:\/\/folk.world\/wp-content\/uploads\/2023\/11\/JFO_Logo_square-1024x1024.jpg 1024w, https:\/\/folk.world\/wp-content\/uploads\/2023\/11\/JFO_Logo_square-150x150.jpg 150w, https:\/\/folk.world\/wp-content\/uploads\/2023\/11\/JFO_Logo_square-768x768.jpg 768w, https:\/\/folk.world\/wp-content\/uploads\/2023\/11\/JFO_Logo_square-1536x1536.jpg 1536w, https:\/\/folk.world\/wp-content\/uploads\/2023\/11\/JFO_Logo_square-324x324.jpg 324w, https:\/\/folk.world\/wp-content\/uploads\/2023\/11\/JFO_Logo_square-416x416.jpg 416w, https:\/\/folk.world\/wp-content\/uploads\/2023\/11\/JFO_Logo_square-100x100.jpg 100w, https:\/\/folk.world\/wp-content\/uploads\/2023\/11\/JFO_Logo_square-64x64.jpg 64w, https:\/\/folk.world\/wp-content\/uploads\/2023\/11\/JFO_Logo_square.jpg 1920w\" sizes=\"auto, (max-width: 300px) 100vw, 300px\" title=\"\"><\/a><\/div><a class=\"wp-block-latest-posts__post-title\" href=\"https:\/\/folk.world\/de\/blog\/2023\/11\/21\/bewirb-dich-jetzt-deine-chance-im-jugendfolkorchester\/\">Bewirb Dich jetzt: Deine Chance im Jugendfolkorchester<\/a><time datetime=\"2023-11-21T11:50:40+01:00\" class=\"wp-block-latest-posts__post-date\">21. November 2023<\/time><div class=\"wp-block-latest-posts__post-excerpt\">Musikbegeisterte Jugendliche und junge Erwachsene, aufgepasst! Im Juli 2024 erleben wir die Premiere des Jugendfolkorchester Deutschland (JFO), ein ambitioniertes Projekt von Profolk e.V., das jungen Talenten eine einzigartige B\u00fchne bietet. Was ist\u2026\u00a0<a class=\"wp-block-latest-posts__read-more\" href=\"https:\/\/folk.world\/de\/blog\/2023\/11\/21\/bewirb-dich-jetzt-deine-chance-im-jugendfolkorchester\/\" rel=\"noopener noreferrer\"><span class=\"screen-reader-text\">Bewirb Dich jetzt: Deine Chance im Jugendfolkorchester <\/span>weiterlesen<\/a><\/div><\/li>\n<li><div class=\"wp-block-latest-posts__featured-image\"><a href=\"https:\/\/folk.world\/de\/blog\/2023\/10\/07\/die-drehleier-feinabstimmung-und-wartung-wieder-erhaeltlich\/\"><img loading=\"lazy\" decoding=\"async\" width=\"300\" height=\"300\" src=\"https:\/\/folk.world\/wp-content\/uploads\/2023\/10\/CONTENT-DFW-2023_OCR_Seite_19-300x300.jpg\" class=\"attachment-medium size-medium wp-post-image\" alt=\"-\" style=\"\" srcset=\"https:\/\/folk.world\/wp-content\/uploads\/2023\/10\/CONTENT-DFW-2023_OCR_Seite_19-300x300.jpg 300w, https:\/\/folk.world\/wp-content\/uploads\/2023\/10\/CONTENT-DFW-2023_OCR_Seite_19-1024x1024.jpg 1024w, https:\/\/folk.world\/wp-content\/uploads\/2023\/10\/CONTENT-DFW-2023_OCR_Seite_19-150x150.jpg 150w, https:\/\/folk.world\/wp-content\/uploads\/2023\/10\/CONTENT-DFW-2023_OCR_Seite_19-768x768.jpg 768w, https:\/\/folk.world\/wp-content\/uploads\/2023\/10\/CONTENT-DFW-2023_OCR_Seite_19-324x324.jpg 324w, https:\/\/folk.world\/wp-content\/uploads\/2023\/10\/CONTENT-DFW-2023_OCR_Seite_19-416x416.jpg 416w, https:\/\/folk.world\/wp-content\/uploads\/2023\/10\/CONTENT-DFW-2023_OCR_Seite_19-100x100.jpg 100w, https:\/\/folk.world\/wp-content\/uploads\/2023\/10\/CONTENT-DFW-2023_OCR_Seite_19-64x64.jpg 64w, https:\/\/folk.world\/wp-content\/uploads\/2023\/10\/CONTENT-DFW-2023_OCR_Seite_19.jpg 1178w\" sizes=\"auto, (max-width: 300px) 100vw, 300px\" title=\"\"><\/a><\/div><a class=\"wp-block-latest-posts__post-title\" href=\"https:\/\/folk.world\/de\/blog\/2023\/10\/07\/die-drehleier-feinabstimmung-und-wartung-wieder-erhaeltlich\/\">&#8220;Die Drehleier: Feinabstimmung und Wartung&#8221; wieder erh\u00e4ltlich!<\/a><time datetime=\"2023-10-07T10:35:59+02:00\" class=\"wp-block-latest-posts__post-date\">7. Oktober 2023<\/time><div class=\"wp-block-latest-posts__post-excerpt\">Das Buch &#8220;Die Drehleier \u2013 Feinabstimmung und Wartung&#8221; ist ab sofort wieder verf\u00fcgbar und bereit, dir dabei zu helfen, dein Drehleierspiel auf das n\u00e4chste Level zu heben. Was macht dieses Buch besonders?\u2026\u00a0<a class=\"wp-block-latest-posts__read-more\" href=\"https:\/\/folk.world\/de\/blog\/2023\/10\/07\/die-drehleier-feinabstimmung-und-wartung-wieder-erhaeltlich\/\" rel=\"noopener noreferrer\"><span class=\"screen-reader-text\">&#8220;Die Drehleier: Feinabstimmung und Wartung&#8221; wieder erh\u00e4ltlich! <\/span>weiterlesen<\/a><\/div><\/li>\n<li><div class=\"wp-block-latest-posts__featured-image\"><a href=\"https:\/\/folk.world\/de\/blog\/2023\/10\/05\/schritt-fuer-schritt-anleitung-so-dichtest-du-deinen-dudelsack-professionell\/\"><img loading=\"lazy\" decoding=\"async\" width=\"300\" height=\"200\" src=\"https:\/\/folk.world\/wp-content\/uploads\/2023\/10\/hIMG_1926-300x200.jpg\" class=\"attachment-medium size-medium wp-post-image\" alt=\"-\" style=\"\" srcset=\"https:\/\/folk.world\/wp-content\/uploads\/2023\/10\/hIMG_1926-300x200.jpg 300w, https:\/\/folk.world\/wp-content\/uploads\/2023\/10\/hIMG_1926-1024x683.jpg 1024w, https:\/\/folk.world\/wp-content\/uploads\/2023\/10\/hIMG_1926-768x512.jpg 768w, https:\/\/folk.world\/wp-content\/uploads\/2023\/10\/hIMG_1926-1536x1024.jpg 1536w, https:\/\/folk.world\/wp-content\/uploads\/2023\/10\/hIMG_1926-2048x1365.jpg 2048w, https:\/\/folk.world\/wp-content\/uploads\/2023\/10\/hIMG_1926-324x216.jpg 324w, https:\/\/folk.world\/wp-content\/uploads\/2023\/10\/hIMG_1926-416x277.jpg 416w, https:\/\/folk.world\/wp-content\/uploads\/2023\/10\/hIMG_1926-64x43.jpg 64w\" sizes=\"auto, (max-width: 300px) 100vw, 300px\" title=\"\"><\/a><\/div><a class=\"wp-block-latest-posts__post-title\" href=\"https:\/\/folk.world\/de\/blog\/2023\/10\/05\/schritt-fuer-schritt-anleitung-so-dichtest-du-deinen-dudelsack-professionell\/\">Schritt-f\u00fcr-Schritt-Anleitung: So dichtest du deinen Dudelsack professionell ab<\/a><time datetime=\"2023-10-05T14:18:24+02:00\" class=\"wp-block-latest-posts__post-date\">5. Oktober 2023<\/time><div class=\"wp-block-latest-posts__post-excerpt\">Es gibt nichts Sch\u00f6neres als den Klang eines gut gespielten Dudelsacks, aber damit dieser Klang perfekt zur Geltung kommt, muss dein Dudelsack auch richtig abgedichtet sein. In dieser umfassenden Anleitung haben wir\u2026\u00a0<a class=\"wp-block-latest-posts__read-more\" href=\"https:\/\/folk.world\/de\/blog\/2023\/10\/05\/schritt-fuer-schritt-anleitung-so-dichtest-du-deinen-dudelsack-professionell\/\" rel=\"noopener noreferrer\"><span class=\"screen-reader-text\">Schritt-f\u00fcr-Schritt-Anleitung: So dichtest du deinen Dudelsack professionell ab <\/span>weiterlesen<\/a><\/div><\/li>\n<li><div class=\"wp-block-latest-posts__featured-image\"><a href=\"https:\/\/folk.world\/de\/blog\/2023\/10\/04\/dudelsack-musiktheorie-beherrschen-der-basiskurs-fuer-alle-spieler-%f0%9f%8e%b6%f0%9f%8e%b5\/\"><img loading=\"lazy\" decoding=\"async\" width=\"300\" height=\"300\" src=\"https:\/\/folk.world\/wp-content\/uploads\/2023\/10\/QSEhUaB5KWkVXt695tboCVKT-300x300.png\" class=\"attachment-medium size-medium wp-post-image\" alt=\"-\" style=\"\" srcset=\"https:\/\/folk.world\/wp-content\/uploads\/2023\/10\/QSEhUaB5KWkVXt695tboCVKT-300x300.png 300w, https:\/\/folk.world\/wp-content\/uploads\/2023\/10\/QSEhUaB5KWkVXt695tboCVKT-1024x1024.png 1024w, https:\/\/folk.world\/wp-content\/uploads\/2023\/10\/QSEhUaB5KWkVXt695tboCVKT-150x150.png 150w, https:\/\/folk.world\/wp-content\/uploads\/2023\/10\/QSEhUaB5KWkVXt695tboCVKT-768x768.png 768w, https:\/\/folk.world\/wp-content\/uploads\/2023\/10\/QSEhUaB5KWkVXt695tboCVKT-324x324.png 324w, https:\/\/folk.world\/wp-content\/uploads\/2023\/10\/QSEhUaB5KWkVXt695tboCVKT-416x416.png 416w, https:\/\/folk.world\/wp-content\/uploads\/2023\/10\/QSEhUaB5KWkVXt695tboCVKT-100x100.png 100w, https:\/\/folk.world\/wp-content\/uploads\/2023\/10\/QSEhUaB5KWkVXt695tboCVKT-64x64.png 64w, https:\/\/folk.world\/wp-content\/uploads\/2023\/10\/QSEhUaB5KWkVXt695tboCVKT.png 1080w\" sizes=\"auto, (max-width: 300px) 100vw, 300px\" title=\"\"><\/a><\/div><a class=\"wp-block-latest-posts__post-title\" href=\"https:\/\/folk.world\/de\/blog\/2023\/10\/04\/dudelsack-musiktheorie-beherrschen-der-basiskurs-fuer-alle-spieler-%f0%9f%8e%b6%f0%9f%8e%b5\/\">Dudelsack-Musiktheorie beherrschen \u2013 Der Basiskurs f\u00fcr alle Spieler! \ud83c\udfb6\ud83c\udfb5<\/a><time datetime=\"2023-10-04T13:09:49+02:00\" class=\"wp-block-latest-posts__post-date\">4. Oktober 2023<\/time><div class=\"wp-block-latest-posts__post-excerpt\">Die Dudelsack-Akademie bietet einen sehr hochwertigen Kurs namens &#8220;Musiktheorie f\u00fcr Dudelsackspieler (Basiskurs)&#8221; an. Dieser Kurs ist eine gro\u00dfartige M\u00f6glichkeit, die Grundlagen der Musiktheorie im Kontext des Dudelsackspiels zu erlernen. Egal, ob du\u2026\u00a0<a class=\"wp-block-latest-posts__read-more\" href=\"https:\/\/folk.world\/de\/blog\/2023\/10\/04\/dudelsack-musiktheorie-beherrschen-der-basiskurs-fuer-alle-spieler-%f0%9f%8e%b6%f0%9f%8e%b5\/\" rel=\"noopener noreferrer\"><span class=\"screen-reader-text\">Dudelsack-Musiktheorie beherrschen \u2013 Der Basiskurs f\u00fcr alle Spieler! \ud83c\udfb6\ud83c\udfb5 <\/span>weiterlesen<\/a><\/div><\/li>\n<li><div class=\"wp-block-latest-posts__featured-image\"><a href=\"https:\/\/folk.world\/de\/blog\/2023\/10\/03\/die-pelgen-tunes-sind-zurueck-vol-1-vol-2-und-vol-3-jetzt-erhaeltlich\/\"><img loading=\"lazy\" decoding=\"async\" width=\"300\" height=\"300\" src=\"https:\/\/folk.world\/wp-content\/uploads\/2023\/10\/94-0_1-e1696331464593-300x300.jpg\" class=\"attachment-medium size-medium wp-post-image\" alt=\"-\" style=\"\" srcset=\"https:\/\/folk.world\/wp-content\/uploads\/2023\/10\/94-0_1-e1696331464593-300x300.jpg 300w, https:\/\/folk.world\/wp-content\/uploads\/2023\/10\/94-0_1-e1696331464593-150x150.jpg 150w, https:\/\/folk.world\/wp-content\/uploads\/2023\/10\/94-0_1-e1696331464593-324x324.jpg 324w, https:\/\/folk.world\/wp-content\/uploads\/2023\/10\/94-0_1-e1696331464593-416x416.jpg 416w, https:\/\/folk.world\/wp-content\/uploads\/2023\/10\/94-0_1-e1696331464593-100x100.jpg 100w, https:\/\/folk.world\/wp-content\/uploads\/2023\/10\/94-0_1-e1696331464593-64x64.jpg 64w, https:\/\/folk.world\/wp-content\/uploads\/2023\/10\/94-0_1-e1696331464593.jpg 529w\" sizes=\"auto, (max-width: 300px) 100vw, 300px\" title=\"\"><\/a><\/div><a class=\"wp-block-latest-posts__post-title\" href=\"https:\/\/folk.world\/de\/blog\/2023\/10\/03\/die-pelgen-tunes-sind-zurueck-vol-1-vol-2-und-vol-3-jetzt-erhaeltlich\/\">Die Pelgen Tunes sind zur\u00fcck: Vol. 1, Vol. 2 und Vol. 3 jetzt erh\u00e4ltlich!<\/a><time datetime=\"2023-10-03T13:17:57+02:00\" class=\"wp-block-latest-posts__post-date\">3. Oktober 2023<\/time><div class=\"wp-block-latest-posts__post-excerpt\">Super Neuigkeiten f\u00fcr alle Fans von traditioneller Musik und den Pelgen Tunes! Die Notenb\u00e4nde &#8220;Pelgen Tunes&#8221; Vol. 1, Vol. 2 und Vol. 3 sind ab sofort wieder verf\u00fcgbar! Pelgen Tunes \u2013 Vol.\u2026\u00a0<a class=\"wp-block-latest-posts__read-more\" href=\"https:\/\/folk.world\/de\/blog\/2023\/10\/03\/die-pelgen-tunes-sind-zurueck-vol-1-vol-2-und-vol-3-jetzt-erhaeltlich\/\" rel=\"noopener noreferrer\"><span class=\"screen-reader-text\">Die Pelgen Tunes sind zur\u00fcck: Vol. 1, Vol. 2 und Vol. 3 jetzt erh\u00e4ltlich! <\/span>weiterlesen<\/a><\/div><\/li>\n<\/ul>","protected":false},"excerpt":{"rendered":"<p>Wir sind total aufgeregt, denn die Festival-Saison hat begonnen! Und das bedeutet, dass Folk.World, Verlag der Spielleute und Bagpipe.de f\u00fcr die n\u00e4chsten Wochen auf drei wunderbaren Folk-Festivals unterwegs sind. Unsere Ausstellungen im Sommer 2023 Wir freuen uns schon riesig darauf, Dich pers\u00f6nlich zu treffen. Wenn Du uns in diesem Sommer sehen m\u00f6chtest, dann komm doch [&hellip;]<\/p>\n","protected":false},"author":1,"featured_media":17476,"comment_status":"open","ping_status":"open","sticky":false,"template":"","format":"standard","meta":{"footnotes":""},"categories":[1],"tags":[],"class_list":["post-17473","post","type-post","status-publish","format-standard","has-post-thumbnail","hentry","category-unkategorisiert"],"_links":{"self":[{"href":"https:\/\/folk.world\/de\/wp-json\/wp\/v2\/posts\/17473","targetHints":{"allow":["GET"]}}],"collection":[{"href":"https:\/\/folk.world\/de\/wp-json\/wp\/v2\/posts"}],"about":[{"href":"https:\/\/folk.world\/de\/wp-json\/wp\/v2\/types\/post"}],"author":[{"embeddable":true,"href":"https:\/\/folk.world\/de\/wp-json\/wp\/v2\/users\/1"}],"replies":[{"embeddable":true,"href":"https:\/\/folk.world\/de\/wp-json\/wp\/v2\/comments?post=17473"}],"version-history":[{"count":2,"href":"https:\/\/folk.world\/de\/wp-json\/wp\/v2\/posts\/17473\/revisions"}],"predecessor-version":[{"id":17478,"href":"https:\/\/folk.world\/de\/wp-json\/wp\/v2\/posts\/17473\/revisions\/17478"}],"wp:featuredmedia":[{"embeddable":true,"href":"https:\/\/folk.world\/de\/wp-json\/wp\/v2\/media\/17476"}],"wp:attachment":[{"href":"https:\/\/folk.world\/de\/wp-json\/wp\/v2\/media?parent=17473"}],"wp:term":[{"taxonomy":"category","embeddable":true,"href":"https:\/\/folk.world\/de\/wp-json\/wp\/v2\/categories?post=17473"},{"taxonomy":"post_tag","embeddable":true,"href":"https:\/\/folk.world\/de\/wp-json\/wp\/v2\/tags?post=17473"}],"curies":[{"name":"wp","href":"https:\/\/api.w.org\/{rel}","templated":true}]}}