{"id":17921,"date":"2023-10-02T13:48:41","date_gmt":"2023-10-02T11:48:41","guid":{"rendered":"https:\/\/folk.world\/?p=17921"},"modified":"2023-10-08T14:50:56","modified_gmt":"2023-10-08T12:50:56","slug":"odenwaeldertanz-und-instrumentalkurs-2023","status":"publish","type":"post","link":"https:\/\/folk.world\/de\/blog\/2023\/10\/02\/odenwaeldertanz-und-instrumentalkurs-2023\/","title":{"rendered":"Odenw\u00e4lder Tanz- und Instrumentalkurs 2023"},"content":{"rendered":"\n<p>Komm und erlebe die Magie traditioneller Musik und Tanz beim Odenw\u00e4lder Tanz- und Instrumentalkurs 2023! Mit nur noch wenigen Pl\u00e4tzen verf\u00fcgbar, bietet dieses Event ein abwechslungsreiches Programm, bei dem Musizieren, Tanzen und gute Gespr\u00e4che im Mittelpunkt stehen.<\/p>\n\n\n\n<p>Wir hoffen, ihr seid genauso aufgeregt wie wir f\u00fcr unseren Kurs 2023! Die Anmeldungen laufen bereits auf Hochtouren, und es sind nur noch wenige Pl\u00e4tze verf\u00fcgbar. Das ist wirklich gro\u00dfartig, denn es zeigt, dass das Interesse an traditioneller Musik und Tanz ungebrochen ist.<\/p>\n\n\n\n<p>In der Kurs\u00fcbersicht findet ihr bereits einige spannende Details zum diesj\u00e4hrigen Programm. Die Veranstalter haben sich m\u00e4chtig ins Zeug gelegt, um euch ein abwechslungsreiches und inspirierendes Erlebnis zu bieten. Vom Donnerstag, dem 02. bis zum Sonntag, 05. November 2023, wird die Tagungsst\u00e4tte der Evangelischen Jugend in 74865 Neckarzimmern erneut zum Schauplatz unserer musikalischen und t\u00e4nzerischen Reise.<\/p>\n\n\n\n<p>Unsere Veranstaltung steht ganz im Zeichen der Musik und des Tanzes. Es erwartet euch ein bunter Mix aus intensiven Arbeitsgruppen, gemeinsamem Musizieren und Tanzen, sowie viel Zeit f\u00fcr gute Gespr\u00e4che und die Freude an der Musik ganz allgemein. Egal, ob ihr bereits erfahrene Musikerinnen und Musiker oder Einsteiger seid, hier ist f\u00fcr jeden etwas dabei. Wir laden euch herzlich ein, Teil dieses besonderen Events zu sein.<\/p>\n\n\n\n<p>Unsere Kursleiter sind hochqualifizierte und erfahrene Musiker, die euch in verschiedenen Ensembles und Instrumentalkursen begleiten werden. Lasst mich euch einen kleinen Einblick in die verschiedenen Gruppen geben.<\/p>\n\n\n\n<h2 class=\"wp-block-heading\">Die Kurse<\/h2>\n\n\n<div class=\"wp-block-image\">\n<figure class=\"alignleft size-thumbnail\"><img loading=\"lazy\" decoding=\"async\" width=\"150\" height=\"150\" src=\"https:\/\/folk.world\/wp-content\/uploads\/2023\/10\/KeithMacdonald-150x150.jpg\" alt=\"-\" class=\"wp-image-17925\" style=\"aspect-ratio:1;object-fit:cover\" title=\"\" srcset=\"https:\/\/folk.world\/wp-content\/uploads\/2023\/10\/KeithMacdonald-150x150.jpg 150w, https:\/\/folk.world\/wp-content\/uploads\/2023\/10\/KeithMacdonald-100x100.jpg 100w\" sizes=\"auto, (max-width: 150px) 100vw, 150px\" \/><\/figure>\n<\/div>\n\n\n<p><strong>Ensemblekurs &#8220;The North Sea Sessions&#8221; mit Keith Macdonald:<\/strong> In diesem Kurs entdecken wir eine interessante Auswahl an Tunes aus den L\u00e4ndern rund um die Nordsee. Egal, welches Instrument ihr spielt, Keith Macdonald wird euch in die Welt der traditionellen Musik entf\u00fchren.<\/p>\n\n\n\n<hr class=\"wp-block-separator has-alpha-channel-opacity clear\"\/>\n\n\n<div class=\"wp-block-image\">\n<figure class=\"alignright size-full\"><img loading=\"lazy\" decoding=\"async\" width=\"120\" height=\"150\" src=\"https:\/\/folk.world\/wp-content\/uploads\/2023\/10\/Larsson.jpg\" alt=\"-\" class=\"wp-image-17927\" style=\"aspect-ratio:1;object-fit:cover\" title=\"\" srcset=\"https:\/\/folk.world\/wp-content\/uploads\/2023\/10\/Larsson.jpg 120w, https:\/\/folk.world\/wp-content\/uploads\/2023\/10\/Larsson-64x80.jpg 64w\" sizes=\"auto, (max-width: 120px) 100vw, 120px\" \/><\/figure>\n<\/div>\n\n\n<p><strong>Schweden-Folk! mit Anders und Maria Larsson:<\/strong> Freut euch auf schwedische traditionelle Musik, Polkas, fr\u00f6hliche Tanzmelodien und Liebeslieder. Dieser Workshop eignet sich f\u00fcr eine Vielzahl von Instrumenten, inklusive Gesang.<\/p>\n\n\n\n<hr class=\"wp-block-separator has-alpha-channel-opacity clear\"\/>\n\n\n<div class=\"wp-block-image\">\n<figure class=\"alignleft size-full\"><img loading=\"lazy\" decoding=\"async\" width=\"106\" height=\"150\" src=\"https:\/\/folk.world\/wp-content\/uploads\/2023\/10\/ChristophPelgen.jpg\" alt=\"-\" class=\"wp-image-17929\" style=\"aspect-ratio:1;object-fit:cover\" title=\"\" srcset=\"https:\/\/folk.world\/wp-content\/uploads\/2023\/10\/ChristophPelgen.jpg 106w, https:\/\/folk.world\/wp-content\/uploads\/2023\/10\/ChristophPelgen-64x91.jpg 64w\" sizes=\"auto, (max-width: 106px) 100vw, 106px\" \/><\/figure>\n<\/div>\n\n\n<p><strong>Sound of Mittelmeer &#8211; Kl\u00e4nge des S\u00fcdens mit Christoph Pelgen:<\/strong> Taucht ein in die Musik des S\u00fcdens, von Tavernen-Blues Rembetiko bis zu t\u00fcrkischen Kl\u00e4ngen. Dieser Ensemblekurs ist f\u00fcr verschiedene Instrumente und S\u00e4ngerinnen und S\u00e4nger geeignet.<\/p>\n\n\n\n<hr class=\"wp-block-separator has-alpha-channel-opacity clear\"\/>\n\n\n<div class=\"wp-block-image\">\n<figure class=\"alignright size-thumbnail\"><img loading=\"lazy\" decoding=\"async\" width=\"150\" height=\"150\" src=\"https:\/\/folk.world\/wp-content\/uploads\/2023\/10\/IanHarrison-150x150.jpg\" alt=\"-\" class=\"wp-image-17931\" style=\"aspect-ratio:1;object-fit:cover\" title=\"\" srcset=\"https:\/\/folk.world\/wp-content\/uploads\/2023\/10\/IanHarrison-150x150.jpg 150w, https:\/\/folk.world\/wp-content\/uploads\/2023\/10\/IanHarrison-100x100.jpg 100w\" sizes=\"auto, (max-width: 150px) 100vw, 150px\" \/><\/figure>\n<\/div>\n\n\n<p><strong>Byrdsongs und -dances mit Ian Harrison:<\/strong> Hier erforschen wir englische Balladen- und Tanzmelodien aus der Renaissancezeit. Verschiedene Instrumente sind willkommen, und auch das Singen ist ein Teil des Kurses.<\/p>\n\n\n\n<hr class=\"wp-block-separator has-alpha-channel-opacity clear\"\/>\n\n\n<div class=\"wp-block-image\">\n<figure class=\"alignleft size-thumbnail\"><img loading=\"lazy\" decoding=\"async\" width=\"150\" height=\"150\" src=\"https:\/\/folk.world\/wp-content\/uploads\/2023\/10\/DanielaHeiderich-150x150.jpg\" alt=\"-\" class=\"wp-image-17933\" style=\"aspect-ratio:1;object-fit:cover\" title=\"\" srcset=\"https:\/\/folk.world\/wp-content\/uploads\/2023\/10\/DanielaHeiderich-150x150.jpg 150w, https:\/\/folk.world\/wp-content\/uploads\/2023\/10\/DanielaHeiderich-100x100.jpg 100w\" sizes=\"auto, (max-width: 150px) 100vw, 150px\" \/><\/figure>\n<\/div>\n\n\n<p><strong>Bourr\u00e9e auvergnate &amp; Co mit Daniela Heiderich:<\/strong> Dieser Kurs widmet sich dem Repertoire der Auvergne und Limousin. Bringt eure Dudels\u00e4cke, Drehleier, Akkordeons und Geigen mit, denn es wird geschwungen und getanzt!<\/p>\n\n\n\n<hr class=\"wp-block-separator has-alpha-channel-opacity clear\"\/>\n\n\n<div class=\"wp-block-image\">\n<figure class=\"alignright size-thumbnail\"><img loading=\"lazy\" decoding=\"async\" width=\"150\" height=\"150\" src=\"https:\/\/folk.world\/wp-content\/uploads\/2023\/10\/SusanneGodel-150x150.jpg\" alt=\"-\" class=\"wp-image-17935\" style=\"aspect-ratio:1;object-fit:cover\" title=\"\" srcset=\"https:\/\/folk.world\/wp-content\/uploads\/2023\/10\/SusanneGodel-150x150.jpg 150w, https:\/\/folk.world\/wp-content\/uploads\/2023\/10\/SusanneGodel-100x100.jpg 100w\" sizes=\"auto, (max-width: 150px) 100vw, 150px\" \/><\/figure>\n<\/div>\n\n\n<p><strong>Intensivtraining Blockfl\u00f6te mit Susanne \u201eSuzette\u201c Godel:<\/strong> F\u00fcr die Blockfl\u00f6tenliebhaber unter euch gibt es ein Intensivtraining, das Fingertechnik, sch\u00f6ne T\u00f6ne und St\u00fccke aus Folk- und Alten Musikgenres abdeckt.<\/p>\n\n\n\n<hr class=\"wp-block-separator has-alpha-channel-opacity clear\"\/>\n\n\n<div class=\"wp-block-image\">\n<figure class=\"alignleft size-thumbnail\"><img loading=\"lazy\" decoding=\"async\" width=\"150\" height=\"150\" src=\"https:\/\/folk.world\/wp-content\/uploads\/2023\/10\/CorinnaDarsch-150x150.jpg\" alt=\"-\" class=\"wp-image-17937\" style=\"aspect-ratio:1;object-fit:cover\" title=\"\" srcset=\"https:\/\/folk.world\/wp-content\/uploads\/2023\/10\/CorinnaDarsch-150x150.jpg 150w, https:\/\/folk.world\/wp-content\/uploads\/2023\/10\/CorinnaDarsch-100x100.jpg 100w\" sizes=\"auto, (max-width: 150px) 100vw, 150px\" \/><\/figure>\n<\/div>\n\n\n<p><strong>Tanzmusik auf der Harfe mit Corinna Darsch:<\/strong> Dieser Kurs richtet sich an Harfenspielerinnen und -spieler, die in die Welt des Tanzes eintauchen m\u00f6chten. Ihr werdet Akkordsymbolen folgen und tanzbare St\u00fccke spielen.<\/p>\n\n\n\n<hr class=\"wp-block-separator has-alpha-channel-opacity clear\"\/>\n\n\n\n<p>Die Tagungsst\u00e4tte der Evangelischen Jugend in 74865 Neckarzimmern bietet die ideale Umgebung f\u00fcr unsere Veranstaltung, mit ausreichend Platz f\u00fcr Workshops und nat\u00fcrlich unsere ber\u00fchmte Samstagabend-Party mit Flohmarkt und Ausstellung.<\/p>\n\n\n\n<p>Ihr k\u00f6nnt euch \u00fcber den Link auf der Website anmelden. F\u00fcr alle, die gerne weitere Informationen per E-Mail erhalten m\u00f6chten, empfehlen wir die Registrierung f\u00fcr den Newsletter auf der Homepage.<\/p>\n\n\n\n<p>Wir freuen uns auf den November, auf euch und auf ein buntes Programm mit viel Zeit zum Musizieren, Tanzen, auf gute Gespr\u00e4che und Freude an der Musik ganz allgemein.<\/p>\n\n\n\n<p>Mehr Infos unter: <a href=\"https:\/\/www.otik-ev.de\/\" target=\"_blank\" rel=\"noopener\">https:\/\/www.otik-ev.de\/<\/a><\/p>\n\n\n\n<hr class=\"wp-block-separator has-alpha-channel-opacity\"\/>\n\n\n\n<p><strong>Weitere Beitr\u00e4ge:<\/strong><\/p>\n\n\n<ul class=\"wp-block-latest-posts__list is-grid columns-3 has-dates wp-block-latest-posts\"><li><div class=\"wp-block-latest-posts__featured-image\"><a href=\"https:\/\/folk.world\/de\/blog\/2024\/02\/19\/verlagstransformation-tradition-trifft-innovation\/\"><img loading=\"lazy\" decoding=\"async\" width=\"225\" height=\"300\" src=\"https:\/\/folk.world\/wp-content\/uploads\/2024\/02\/IMG_6879-225x300.jpeg\" class=\"attachment-medium size-medium wp-post-image\" alt=\"-\" style=\"\" srcset=\"https:\/\/folk.world\/wp-content\/uploads\/2024\/02\/IMG_6879-225x300.jpeg 225w, https:\/\/folk.world\/wp-content\/uploads\/2024\/02\/IMG_6879-768x1024.jpeg 768w, https:\/\/folk.world\/wp-content\/uploads\/2024\/02\/IMG_6879-1152x1536.jpeg 1152w, https:\/\/folk.world\/wp-content\/uploads\/2024\/02\/IMG_6879-1536x2048.jpeg 1536w, https:\/\/folk.world\/wp-content\/uploads\/2024\/02\/IMG_6879-324x432.jpeg 324w, https:\/\/folk.world\/wp-content\/uploads\/2024\/02\/IMG_6879-416x555.jpeg 416w, https:\/\/folk.world\/wp-content\/uploads\/2024\/02\/IMG_6879-64x85.jpeg 64w, https:\/\/folk.world\/wp-content\/uploads\/2024\/02\/IMG_6879-scaled.jpeg 1920w\" sizes=\"auto, (max-width: 225px) 100vw, 225px\" title=\"\"><\/a><\/div><a class=\"wp-block-latest-posts__post-title\" href=\"https:\/\/folk.world\/de\/blog\/2024\/02\/19\/verlagstransformation-tradition-trifft-innovation\/\">Verlagstransformation: Tradition trifft Innovation<\/a><time datetime=\"2024-02-19T08:59:41+01:00\" class=\"wp-block-latest-posts__post-date\">19. Februar 2024<\/time><\/li>\n<li><div class=\"wp-block-latest-posts__featured-image\"><a href=\"https:\/\/folk.world\/de\/blog\/2023\/11\/21\/bewirb-dich-jetzt-deine-chance-im-jugendfolkorchester\/\"><img loading=\"lazy\" decoding=\"async\" width=\"300\" height=\"300\" src=\"https:\/\/folk.world\/wp-content\/uploads\/2023\/11\/JFO_Logo_square-300x300.jpg\" class=\"attachment-medium size-medium wp-post-image\" alt=\"-\" style=\"\" srcset=\"https:\/\/folk.world\/wp-content\/uploads\/2023\/11\/JFO_Logo_square-300x300.jpg 300w, https:\/\/folk.world\/wp-content\/uploads\/2023\/11\/JFO_Logo_square-1024x1024.jpg 1024w, https:\/\/folk.world\/wp-content\/uploads\/2023\/11\/JFO_Logo_square-150x150.jpg 150w, https:\/\/folk.world\/wp-content\/uploads\/2023\/11\/JFO_Logo_square-768x768.jpg 768w, https:\/\/folk.world\/wp-content\/uploads\/2023\/11\/JFO_Logo_square-1536x1536.jpg 1536w, https:\/\/folk.world\/wp-content\/uploads\/2023\/11\/JFO_Logo_square-324x324.jpg 324w, https:\/\/folk.world\/wp-content\/uploads\/2023\/11\/JFO_Logo_square-416x416.jpg 416w, https:\/\/folk.world\/wp-content\/uploads\/2023\/11\/JFO_Logo_square-100x100.jpg 100w, https:\/\/folk.world\/wp-content\/uploads\/2023\/11\/JFO_Logo_square-64x64.jpg 64w, https:\/\/folk.world\/wp-content\/uploads\/2023\/11\/JFO_Logo_square.jpg 1920w\" sizes=\"auto, (max-width: 300px) 100vw, 300px\" title=\"\"><\/a><\/div><a class=\"wp-block-latest-posts__post-title\" href=\"https:\/\/folk.world\/de\/blog\/2023\/11\/21\/bewirb-dich-jetzt-deine-chance-im-jugendfolkorchester\/\">Bewirb Dich jetzt: Deine Chance im Jugendfolkorchester<\/a><time datetime=\"2023-11-21T11:50:40+01:00\" class=\"wp-block-latest-posts__post-date\">21. November 2023<\/time><\/li>\n<li><div class=\"wp-block-latest-posts__featured-image\"><a href=\"https:\/\/folk.world\/de\/blog\/2023\/10\/07\/die-drehleier-feinabstimmung-und-wartung-wieder-erhaeltlich\/\"><img loading=\"lazy\" decoding=\"async\" width=\"300\" height=\"300\" src=\"https:\/\/folk.world\/wp-content\/uploads\/2023\/10\/CONTENT-DFW-2023_OCR_Seite_19-300x300.jpg\" class=\"attachment-medium size-medium wp-post-image\" alt=\"-\" style=\"\" srcset=\"https:\/\/folk.world\/wp-content\/uploads\/2023\/10\/CONTENT-DFW-2023_OCR_Seite_19-300x300.jpg 300w, https:\/\/folk.world\/wp-content\/uploads\/2023\/10\/CONTENT-DFW-2023_OCR_Seite_19-1024x1024.jpg 1024w, https:\/\/folk.world\/wp-content\/uploads\/2023\/10\/CONTENT-DFW-2023_OCR_Seite_19-150x150.jpg 150w, https:\/\/folk.world\/wp-content\/uploads\/2023\/10\/CONTENT-DFW-2023_OCR_Seite_19-768x768.jpg 768w, https:\/\/folk.world\/wp-content\/uploads\/2023\/10\/CONTENT-DFW-2023_OCR_Seite_19-324x324.jpg 324w, https:\/\/folk.world\/wp-content\/uploads\/2023\/10\/CONTENT-DFW-2023_OCR_Seite_19-416x416.jpg 416w, https:\/\/folk.world\/wp-content\/uploads\/2023\/10\/CONTENT-DFW-2023_OCR_Seite_19-100x100.jpg 100w, https:\/\/folk.world\/wp-content\/uploads\/2023\/10\/CONTENT-DFW-2023_OCR_Seite_19-64x64.jpg 64w, https:\/\/folk.world\/wp-content\/uploads\/2023\/10\/CONTENT-DFW-2023_OCR_Seite_19.jpg 1178w\" sizes=\"auto, (max-width: 300px) 100vw, 300px\" title=\"\"><\/a><\/div><a class=\"wp-block-latest-posts__post-title\" href=\"https:\/\/folk.world\/de\/blog\/2023\/10\/07\/die-drehleier-feinabstimmung-und-wartung-wieder-erhaeltlich\/\">&#8220;Die Drehleier: Feinabstimmung und Wartung&#8221; wieder erh\u00e4ltlich!<\/a><time datetime=\"2023-10-07T10:35:59+02:00\" class=\"wp-block-latest-posts__post-date\">7. Oktober 2023<\/time><\/li>\n<\/ul>","protected":false},"excerpt":{"rendered":"<p>Komm und erlebe die Magie traditioneller Musik und Tanz beim Odenw\u00e4lder Tanz- und Instrumentalkurs 2023! Mit nur noch wenigen Pl\u00e4tzen verf\u00fcgbar, bietet dieses Event ein abwechslungsreiches Programm, bei dem Musizieren, Tanzen und gute Gespr\u00e4che im Mittelpunkt stehen. Wir hoffen, ihr seid genauso aufgeregt wie wir f\u00fcr unseren Kurs 2023! Die Anmeldungen laufen bereits auf Hochtouren, [&hellip;]<\/p>\n","protected":false},"author":1,"featured_media":17923,"comment_status":"open","ping_status":"open","sticky":false,"template":"","format":"standard","meta":{"footnotes":""},"categories":[56],"tags":[1840,1847,1844,764,1322,1212,1852,1846,193,194,1851,1843,1838,1848,1839,1837,1853,1841,1845,509,1849,1163,1842],"class_list":["post-17921","post","type-post","status-publish","format-standard","has-post-thumbnail","hentry","category-folk-events-veranstaltungstipps","tag-anders-larsson","tag-auvergne","tag-balladen","tag-blockfloete","tag-bourree","tag-christoph-pelgen","tag-corinna-darsch","tag-daniela-heiderich","tag-drehleier","tag-dudelsack","tag-fingertechnik","tag-ian-harrison","tag-keith-macdonald","tag-limousin","tag-maria-larsson","tag-nordsee","tag-otik","tag-rembetiko","tag-renaissance","tag-schweden","tag-suzette","tag-traditionelle-musik","tag-tuerkei"],"_links":{"self":[{"href":"https:\/\/folk.world\/de\/wp-json\/wp\/v2\/posts\/17921","targetHints":{"allow":["GET"]}}],"collection":[{"href":"https:\/\/folk.world\/de\/wp-json\/wp\/v2\/posts"}],"about":[{"href":"https:\/\/folk.world\/de\/wp-json\/wp\/v2\/types\/post"}],"author":[{"embeddable":true,"href":"https:\/\/folk.world\/de\/wp-json\/wp\/v2\/users\/1"}],"replies":[{"embeddable":true,"href":"https:\/\/folk.world\/de\/wp-json\/wp\/v2\/comments?post=17921"}],"version-history":[{"count":5,"href":"https:\/\/folk.world\/de\/wp-json\/wp\/v2\/posts\/17921\/revisions"}],"predecessor-version":[{"id":18040,"href":"https:\/\/folk.world\/de\/wp-json\/wp\/v2\/posts\/17921\/revisions\/18040"}],"wp:featuredmedia":[{"embeddable":true,"href":"https:\/\/folk.world\/de\/wp-json\/wp\/v2\/media\/17923"}],"wp:attachment":[{"href":"https:\/\/folk.world\/de\/wp-json\/wp\/v2\/media?parent=17921"}],"wp:term":[{"taxonomy":"category","embeddable":true,"href":"https:\/\/folk.world\/de\/wp-json\/wp\/v2\/categories?post=17921"},{"taxonomy":"post_tag","embeddable":true,"href":"https:\/\/folk.world\/de\/wp-json\/wp\/v2\/tags?post=17921"}],"curies":[{"name":"wp","href":"https:\/\/api.w.org\/{rel}","templated":true}]}}