{"id":17977,"date":"2023-10-03T13:17:57","date_gmt":"2023-10-03T11:17:57","guid":{"rendered":"https:\/\/folk.world\/?p=17977"},"modified":"2023-10-08T14:56:39","modified_gmt":"2023-10-08T12:56:39","slug":"die-pelgen-tunes-sind-zurueck-vol-1-vol-2-und-vol-3-jetzt-erhaeltlich","status":"publish","type":"post","link":"https:\/\/folk.world\/de\/blog\/2023\/10\/03\/die-pelgen-tunes-sind-zurueck-vol-1-vol-2-und-vol-3-jetzt-erhaeltlich\/","title":{"rendered":"Die Pelgen Tunes sind zur\u00fcck: Vol. 1, Vol. 2 und Vol. 3 jetzt erh\u00e4ltlich!"},"content":{"rendered":"\n<p>Super Neuigkeiten f\u00fcr alle Fans von traditioneller Musik und den Pelgen Tunes! Die Notenb\u00e4nde &#8220;Pelgen Tunes&#8221; Vol. 1, Vol. 2 und Vol. 3 sind ab sofort wieder verf\u00fcgbar!<\/p>\n\n\n<div class=\"wp-block-image\">\n<figure class=\"aligncenter size-medium\"><a href=\"https:\/\/bagpipe.de\/pelgen-tunes-vol-1\/\" target=\"_blank\" rel=\"noopener\"><img loading=\"lazy\" decoding=\"async\" width=\"212\" height=\"300\" src=\"https:\/\/folk.world\/wp-content\/uploads\/2023\/10\/96-4_1-212x300.jpg\" alt=\"-\" class=\"wp-image-17980\" title=\"\" srcset=\"https:\/\/folk.world\/wp-content\/uploads\/2023\/10\/96-4_1-212x300.jpg 212w, https:\/\/folk.world\/wp-content\/uploads\/2023\/10\/96-4_1-324x459.jpg 324w, https:\/\/folk.world\/wp-content\/uploads\/2023\/10\/96-4_1-416x589.jpg 416w, https:\/\/folk.world\/wp-content\/uploads\/2023\/10\/96-4_1-64x91.jpg 64w, https:\/\/folk.world\/wp-content\/uploads\/2023\/10\/96-4_1.jpg 565w\" sizes=\"auto, (max-width: 212px) 100vw, 212px\" \/><\/a><figcaption class=\"wp-element-caption\"><strong><a href=\"https:\/\/bagpipe.de\/pelgen-tunes-vol-1\/\" target=\"_blank\" rel=\"noopener\">Pelgen Tunes \u2013 Vol. 1<\/a><\/strong><\/figcaption><\/figure>\n<\/div>\n\n\n<p><strong>Pelgen Tunes \u2013 Vol. 1<\/strong><\/p>\n\n\n\n<p>Dieser Band enth\u00e4lt 80 neue Melodien f\u00fcr Dudelsack, Drehleier, Geige, Fl\u00f6te und mehr, alle mit Akkorden von Christoph Pelgen. Diese Melodien sind ein echter Ohrenschmaus und bieten dir die M\u00f6glichkeit, tolle Musik auf traditionellen Instrumenten zu spielen. Egal ob Schottisch, Polka, Walzer, Mazurka oder Bourr\u00e9e, hier findest du eine vielf\u00e4ltige Auswahl an St\u00fccken.<\/p>\n\n\n<div class=\"wp-block-image\">\n<figure class=\"aligncenter size-medium\"><a href=\"https:\/\/bagpipe.de\/pelgen-tunes-vol-2\/\" target=\"_blank\" rel=\"noopener\"><img loading=\"lazy\" decoding=\"async\" width=\"213\" height=\"300\" src=\"https:\/\/folk.world\/wp-content\/uploads\/2023\/10\/89-6_1-213x300.jpg\" alt=\"-\" class=\"wp-image-17982\" title=\"\" srcset=\"https:\/\/folk.world\/wp-content\/uploads\/2023\/10\/89-6_1-213x300.jpg 213w, https:\/\/folk.world\/wp-content\/uploads\/2023\/10\/89-6_1-324x457.jpg 324w, https:\/\/folk.world\/wp-content\/uploads\/2023\/10\/89-6_1-416x587.jpg 416w, https:\/\/folk.world\/wp-content\/uploads\/2023\/10\/89-6_1-64x90.jpg 64w, https:\/\/folk.world\/wp-content\/uploads\/2023\/10\/89-6_1.jpg 567w\" sizes=\"auto, (max-width: 213px) 100vw, 213px\" \/><\/a><figcaption class=\"wp-element-caption\"><strong><a href=\"https:\/\/bagpipe.de\/pelgen-tunes-vol-2\/\" target=\"_blank\" rel=\"noopener\">Pelgen Tunes \u2013 Vol. 2<\/a><\/strong><\/figcaption><\/figure>\n<\/div>\n\n\n<p><strong>Pelgen Tunes \u2013 Vol. 2<\/strong><\/p>\n\n\n\n<p>Im zweiten Band erwarten dich 81 neue Melodien, wieder mit Akkorden von Christoph Pelgen. Die Vielfalt der Musikstile ist beeindruckend, von Bourr\u00e9e \u00fcber Bretonisch bis hin zu Mazurka und Polka. Diese Melodien werden sicherlich dazu beitragen, deine Musikrepertoire zu bereichern und dich zu inspirieren.<\/p>\n\n\n<div class=\"wp-block-image\">\n<figure class=\"aligncenter size-medium\"><a href=\"https:\/\/bagpipe.de\/pelgen-tunes-vol-3\/\" target=\"_blank\" rel=\"noopener\"><img loading=\"lazy\" decoding=\"async\" width=\"212\" height=\"300\" src=\"https:\/\/folk.world\/wp-content\/uploads\/2023\/10\/94-0_1-1-212x300.jpg\" alt=\"-\" class=\"wp-image-17984\" title=\"\" srcset=\"https:\/\/folk.world\/wp-content\/uploads\/2023\/10\/94-0_1-1-212x300.jpg 212w, https:\/\/folk.world\/wp-content\/uploads\/2023\/10\/94-0_1-1-324x459.jpg 324w, https:\/\/folk.world\/wp-content\/uploads\/2023\/10\/94-0_1-1-416x589.jpg 416w, https:\/\/folk.world\/wp-content\/uploads\/2023\/10\/94-0_1-1-64x91.jpg 64w, https:\/\/folk.world\/wp-content\/uploads\/2023\/10\/94-0_1-1.jpg 565w\" sizes=\"auto, (max-width: 212px) 100vw, 212px\" \/><\/a><figcaption class=\"wp-element-caption\"><strong><a href=\"https:\/\/bagpipe.de\/pelgen-tunes-vol-3\/\" target=\"_blank\" rel=\"noopener\">Pelgen Tunes \u2013 Vol. 3<\/a><\/strong><\/figcaption><\/figure>\n<\/div>\n\n\n<p><strong>Pelgen Tunes \u2013 Vol. 3<\/strong><\/p>\n\n\n\n<p>Der brandneue dritte Band der Pelgen Tunes bietet dir weitere 80 Melodien von Christoph Pelgen, die zwischen Oktober 2016 und September 2019 entstanden sind. Diese Melodien sind vielseitig und inspirierend, und sie eignen sich f\u00fcr verschiedene Instrumente, von Dudelsack bis Kontrabass. Die Titelliste nach Tanzarten zeigt die gro\u00dfe Bandbreite der St\u00fccke.<\/p>\n\n\n\n<hr class=\"wp-block-separator has-alpha-channel-opacity\"\/>\n\n\n\n<p>Diese Notenb\u00e4nde sind eine fantastische M\u00f6glichkeit, dein Repertoire zu erweitern und die traditionelle Musikszene zu unterst\u00fctzen. Christoph Pelgen hat mit seinen Kompositionen einen gro\u00dfen Beitrag zur Entwicklung der traditionellen Musik geleistet, und du kannst nun von seinem Talent profitieren.<\/p>\n\n\n\n<p>Du kannst die B\u00e4nde direkt bei uns bestellen. Greif zu und lass dich von der wunderbaren Welt der traditionellen Musik verzaubern! \ud83c\udfb6\ud83c\udfbb\ud83c\udfb6<\/p>\n\n\n\n<hr class=\"wp-block-separator has-alpha-channel-opacity\"\/>\n\n\n\n<p><strong>Weitere Beitr\u00e4ge:<\/strong><\/p>\n\n\n<ul class=\"wp-block-latest-posts__list is-grid columns-3 has-dates has-author wp-block-latest-posts\"><li><div class=\"wp-block-latest-posts__featured-image\"><a href=\"https:\/\/folk.world\/de\/blog\/2024\/02\/19\/verlagstransformation-tradition-trifft-innovation\/\"><img loading=\"lazy\" decoding=\"async\" width=\"225\" height=\"300\" src=\"https:\/\/folk.world\/wp-content\/uploads\/2024\/02\/IMG_6879-225x300.jpeg\" class=\"attachment-medium size-medium wp-post-image\" alt=\"-\" style=\"\" srcset=\"https:\/\/folk.world\/wp-content\/uploads\/2024\/02\/IMG_6879-225x300.jpeg 225w, https:\/\/folk.world\/wp-content\/uploads\/2024\/02\/IMG_6879-768x1024.jpeg 768w, https:\/\/folk.world\/wp-content\/uploads\/2024\/02\/IMG_6879-1152x1536.jpeg 1152w, https:\/\/folk.world\/wp-content\/uploads\/2024\/02\/IMG_6879-1536x2048.jpeg 1536w, https:\/\/folk.world\/wp-content\/uploads\/2024\/02\/IMG_6879-324x432.jpeg 324w, https:\/\/folk.world\/wp-content\/uploads\/2024\/02\/IMG_6879-416x555.jpeg 416w, https:\/\/folk.world\/wp-content\/uploads\/2024\/02\/IMG_6879-64x85.jpeg 64w, https:\/\/folk.world\/wp-content\/uploads\/2024\/02\/IMG_6879-scaled.jpeg 1920w\" sizes=\"auto, (max-width: 225px) 100vw, 225px\" title=\"\"><\/a><\/div><a class=\"wp-block-latest-posts__post-title\" href=\"https:\/\/folk.world\/de\/blog\/2024\/02\/19\/verlagstransformation-tradition-trifft-innovation\/\">Verlagstransformation: Tradition trifft Innovation<\/a><div class=\"wp-block-latest-posts__post-author\">von Folk.World<\/div><time datetime=\"2024-02-19T08:59:41+01:00\" class=\"wp-block-latest-posts__post-date\">19. Februar 2024<\/time><\/li>\n<li><div class=\"wp-block-latest-posts__featured-image\"><a href=\"https:\/\/folk.world\/de\/blog\/2023\/11\/21\/bewirb-dich-jetzt-deine-chance-im-jugendfolkorchester\/\"><img loading=\"lazy\" decoding=\"async\" width=\"300\" height=\"300\" src=\"https:\/\/folk.world\/wp-content\/uploads\/2023\/11\/JFO_Logo_square-300x300.jpg\" class=\"attachment-medium size-medium wp-post-image\" alt=\"-\" style=\"\" srcset=\"https:\/\/folk.world\/wp-content\/uploads\/2023\/11\/JFO_Logo_square-300x300.jpg 300w, https:\/\/folk.world\/wp-content\/uploads\/2023\/11\/JFO_Logo_square-1024x1024.jpg 1024w, https:\/\/folk.world\/wp-content\/uploads\/2023\/11\/JFO_Logo_square-150x150.jpg 150w, https:\/\/folk.world\/wp-content\/uploads\/2023\/11\/JFO_Logo_square-768x768.jpg 768w, https:\/\/folk.world\/wp-content\/uploads\/2023\/11\/JFO_Logo_square-1536x1536.jpg 1536w, https:\/\/folk.world\/wp-content\/uploads\/2023\/11\/JFO_Logo_square-324x324.jpg 324w, https:\/\/folk.world\/wp-content\/uploads\/2023\/11\/JFO_Logo_square-416x416.jpg 416w, https:\/\/folk.world\/wp-content\/uploads\/2023\/11\/JFO_Logo_square-100x100.jpg 100w, https:\/\/folk.world\/wp-content\/uploads\/2023\/11\/JFO_Logo_square-64x64.jpg 64w, https:\/\/folk.world\/wp-content\/uploads\/2023\/11\/JFO_Logo_square.jpg 1920w\" sizes=\"auto, (max-width: 300px) 100vw, 300px\" title=\"\"><\/a><\/div><a class=\"wp-block-latest-posts__post-title\" href=\"https:\/\/folk.world\/de\/blog\/2023\/11\/21\/bewirb-dich-jetzt-deine-chance-im-jugendfolkorchester\/\">Bewirb Dich jetzt: Deine Chance im Jugendfolkorchester<\/a><div class=\"wp-block-latest-posts__post-author\">von Folk.World<\/div><time datetime=\"2023-11-21T11:50:40+01:00\" class=\"wp-block-latest-posts__post-date\">21. November 2023<\/time><\/li>\n<li><div class=\"wp-block-latest-posts__featured-image\"><a href=\"https:\/\/folk.world\/de\/blog\/2023\/10\/07\/die-drehleier-feinabstimmung-und-wartung-wieder-erhaeltlich\/\"><img loading=\"lazy\" decoding=\"async\" width=\"300\" height=\"300\" src=\"https:\/\/folk.world\/wp-content\/uploads\/2023\/10\/CONTENT-DFW-2023_OCR_Seite_19-300x300.jpg\" class=\"attachment-medium size-medium wp-post-image\" alt=\"-\" style=\"\" srcset=\"https:\/\/folk.world\/wp-content\/uploads\/2023\/10\/CONTENT-DFW-2023_OCR_Seite_19-300x300.jpg 300w, https:\/\/folk.world\/wp-content\/uploads\/2023\/10\/CONTENT-DFW-2023_OCR_Seite_19-1024x1024.jpg 1024w, https:\/\/folk.world\/wp-content\/uploads\/2023\/10\/CONTENT-DFW-2023_OCR_Seite_19-150x150.jpg 150w, https:\/\/folk.world\/wp-content\/uploads\/2023\/10\/CONTENT-DFW-2023_OCR_Seite_19-768x768.jpg 768w, https:\/\/folk.world\/wp-content\/uploads\/2023\/10\/CONTENT-DFW-2023_OCR_Seite_19-324x324.jpg 324w, https:\/\/folk.world\/wp-content\/uploads\/2023\/10\/CONTENT-DFW-2023_OCR_Seite_19-416x416.jpg 416w, https:\/\/folk.world\/wp-content\/uploads\/2023\/10\/CONTENT-DFW-2023_OCR_Seite_19-100x100.jpg 100w, https:\/\/folk.world\/wp-content\/uploads\/2023\/10\/CONTENT-DFW-2023_OCR_Seite_19-64x64.jpg 64w, https:\/\/folk.world\/wp-content\/uploads\/2023\/10\/CONTENT-DFW-2023_OCR_Seite_19.jpg 1178w\" sizes=\"auto, (max-width: 300px) 100vw, 300px\" title=\"\"><\/a><\/div><a class=\"wp-block-latest-posts__post-title\" href=\"https:\/\/folk.world\/de\/blog\/2023\/10\/07\/die-drehleier-feinabstimmung-und-wartung-wieder-erhaeltlich\/\">&#8220;Die Drehleier: Feinabstimmung und Wartung&#8221; wieder erh\u00e4ltlich!<\/a><div class=\"wp-block-latest-posts__post-author\">von Folk.World<\/div><time datetime=\"2023-10-07T10:35:59+02:00\" class=\"wp-block-latest-posts__post-date\">7. Oktober 2023<\/time><\/li>\n<\/ul>","protected":false},"excerpt":{"rendered":"<p>Super Neuigkeiten f\u00fcr alle Fans von traditioneller Musik und den Pelgen Tunes! Die Notenb\u00e4nde &#8220;Pelgen Tunes&#8221; Vol. 1, Vol. 2 und Vol. 3 sind ab sofort wieder verf\u00fcgbar! Pelgen Tunes \u2013 Vol. 1 Dieser Band enth\u00e4lt 80 neue Melodien f\u00fcr Dudelsack, Drehleier, Geige, Fl\u00f6te und mehr, alle mit Akkorden von Christoph Pelgen. Diese Melodien sind [&hellip;]<\/p>\n","protected":false},"author":1,"featured_media":17978,"comment_status":"open","ping_status":"open","sticky":false,"template":"","format":"standard","meta":{"footnotes":""},"categories":[1606],"tags":[1322,1212,193,194,233,1874,262,1878,1873,1877,1876,1163],"class_list":["post-17977","post","type-post","status-publish","format-standard","has-post-thumbnail","hentry","category-verlag-der-spielleute","tag-bourree","tag-christoph-pelgen","tag-drehleier","tag-dudelsack","tag-floete","tag-floete-und-mehr","tag-geige","tag-mazurka","tag-pelgen-tunes","tag-polka","tag-schottisch","tag-traditionelle-musik"],"_links":{"self":[{"href":"https:\/\/folk.world\/de\/wp-json\/wp\/v2\/posts\/17977","targetHints":{"allow":["GET"]}}],"collection":[{"href":"https:\/\/folk.world\/de\/wp-json\/wp\/v2\/posts"}],"about":[{"href":"https:\/\/folk.world\/de\/wp-json\/wp\/v2\/types\/post"}],"author":[{"embeddable":true,"href":"https:\/\/folk.world\/de\/wp-json\/wp\/v2\/users\/1"}],"replies":[{"embeddable":true,"href":"https:\/\/folk.world\/de\/wp-json\/wp\/v2\/comments?post=17977"}],"version-history":[{"count":3,"href":"https:\/\/folk.world\/de\/wp-json\/wp\/v2\/posts\/17977\/revisions"}],"predecessor-version":[{"id":18043,"href":"https:\/\/folk.world\/de\/wp-json\/wp\/v2\/posts\/17977\/revisions\/18043"}],"wp:featuredmedia":[{"embeddable":true,"href":"https:\/\/folk.world\/de\/wp-json\/wp\/v2\/media\/17978"}],"wp:attachment":[{"href":"https:\/\/folk.world\/de\/wp-json\/wp\/v2\/media?parent=17977"}],"wp:term":[{"taxonomy":"category","embeddable":true,"href":"https:\/\/folk.world\/de\/wp-json\/wp\/v2\/categories?post=17977"},{"taxonomy":"post_tag","embeddable":true,"href":"https:\/\/folk.world\/de\/wp-json\/wp\/v2\/tags?post=17977"}],"curies":[{"name":"wp","href":"https:\/\/api.w.org\/{rel}","templated":true}]}}