{"id":194,"date":"2014-10-04T23:17:29","date_gmt":"2014-10-04T21:17:29","guid":{"rendered":"http:\/\/worldoffolk.wordpress.com\/?p=194"},"modified":"2017-11-29T23:11:59","modified_gmt":"2017-11-29T23:11:59","slug":"ist-das-folk-oder-kann-das-weg-simon-jan-sind-zwischen-kabarett-und-musikalischer-kleinkunst","status":"publish","type":"post","link":"https:\/\/folk.world\/de\/blog\/2014\/10\/04\/ist-das-folk-oder-kann-das-weg-simon-jan-sind-zwischen-kabarett-und-musikalischer-kleinkunst\/","title":{"rendered":"Ist das Folk oder kann das weg? &#8211; &#8220;Simon &#038; Jan&#8221; sind zwischen Kabarett und musikalischer Kleinkunst"},"content":{"rendered":"<figure id=\"attachment_196\" aria-describedby=\"caption-attachment-196\" style=\"width: 300px\" class=\"wp-caption alignleft\"><a href=\"https:\/\/worldoffolk.files.wordpress.com\/2014\/10\/sj-prese4-683x1024_cut.jpg\" target=\"_blank\" rel=\"noopener\"><img loading=\"lazy\" decoding=\"async\" class=\"wp-image-196 size-medium\" src=\"https:\/\/worldoffolk.files.wordpress.com\/2014\/10\/sj-prese4-683x1024_cut.jpg?w=300\" alt=\"\u00a9 by Simon &amp; Jan\" width=\"300\" height=\"231\" title=\"\" srcset=\"https:\/\/folk.world\/wp-content\/uploads\/2014\/10\/sj-prese4-683x1024_cut.jpg 683w, https:\/\/folk.world\/wp-content\/uploads\/2014\/10\/sj-prese4-683x1024_cut-324x250.jpg 324w, https:\/\/folk.world\/wp-content\/uploads\/2014\/10\/sj-prese4-683x1024_cut-416x321.jpg 416w, https:\/\/folk.world\/wp-content\/uploads\/2014\/10\/sj-prese4-683x1024_cut-300x231.jpg 300w\" sizes=\"auto, (max-width: 300px) 100vw, 300px\" \/><\/a><figcaption id=\"caption-attachment-196\" class=\"wp-caption-text\">\u00a9 by Simon &amp; Jan<\/figcaption><\/figure>\n<p>2006 gegr\u00fcndet besingt das Duo mit Gesang und Gitarre die wirren Wirklichkeiten unserer heutigen Zeit.<br \/>\n<!--more--><br \/>\nSimon &amp; Jan sehen sind wohl die neue Generation der Liedermacher. Bekannt geworden durch Supporting von G\u00f6tz Widmann und Monsters of Liedermaching hat sich hier eben dieses Subgenre herausentwickelt: Liedermaching.<\/p>\n<p>Ihr Album &#8220;Der letzte Schrei &#8211; Live&#8221; kann mich tats\u00e4chlich nicht \u00fcberzeugen. Zynismus sch\u00f6n und gut, aber bei dem Song &#8220;Eine fruchtbare Geschichte&#8221; oder &#8220;Lass Krachen&#8221;, einem St\u00fcck \u00fcber fr\u00f6hliche Flattulenzen ist mein pers\u00f6nlicher Homur \u00fcberstrapaziert.<\/p>\n<p>Doch Simon &amp; Jan bleiben ihrem Stil treu. Stets plakativ melancholisch und mit einer kr\u00e4ftigen \u00dcberdoses Lethargie treffen die zwei Gitarrenspieler den Nerv der Zeit. Sie wissen, welche obsoleten Gedanken K\u00f6pfe besch\u00e4ftigen und bringen genau das auf die B\u00fchne.<\/p>\n<p>[youtube https:\/\/www.youtube.com\/watch?v=8ajVyA93Pxo?rel=0&amp;w=640&amp;h=360]<\/p>\n<p>Ihre Sommertour &#8220;Ach Mensch&#8221; haben Simon &amp; Jan inzwischen beendet. Ihre Musik haben Sie bis zur n\u00e4chsten Tour auf inzwischen zwei Alben konserviert:<\/p>\n<ul>\n<li>(2012) &#8220;<a href=\"http:\/\/www.amazon.de\/gp\/product\/B007IST0OO\/ref=as_li_tl?ie=UTF8&amp;camp=1638&amp;creative=19454&amp;creativeASIN=B007IST0OO&amp;linkCode=as2&amp;tag=woroffol-21&amp;linkId=WV4K4FG46GJR5UC4\" target=\"_blank\" rel=\"noopener\">Simon und Jan<\/a><img loading=\"lazy\" decoding=\"async\" style=\"border:none !important;margin:0!important;\" src=\"http:\/\/ir-de.amazon-adsystem.com\/e\/ir?t=woroffol-21&amp;l=as2&amp;o=3&amp;a=B007IST0OO\" alt=\"-\" width=\"1\" height=\"1\" border=\"0\" title=\"\">&#8221; bei Amazon<\/li>\n<li>(2013) &#8220;<a href=\"http:\/\/www.amazon.de\/gp\/product\/B00AK0C74M\/ref=as_li_tl?ie=UTF8&amp;camp=1638&amp;creative=19454&amp;creativeASIN=B00AK0C74M&amp;linkCode=as2&amp;tag=woroffol-21&amp;linkId=6O4C4KHIBBYWDUNE\" target=\"_blank\" rel=\"noopener\">Der letzte Schrei &#8211; live<\/a><img loading=\"lazy\" decoding=\"async\" style=\"border:none !important;margin:0!important;\" src=\"http:\/\/ir-de.amazon-adsystem.com\/e\/ir?t=woroffol-21&amp;l=as2&amp;o=3&amp;a=B00AK0C74M\" alt=\"-\" width=\"1\" height=\"1\" border=\"0\" title=\"\"><br \/>\n&#8221; bei Amazon<\/li>\n<\/ul>\n<p><strong>Website:<\/strong> <a href=\"http:\/\/www.simonundjan.de\/\" target=\"_blank\" rel=\"noopener\">www.simonundjan.de\/<\/a><\/p>\n","protected":false},"excerpt":{"rendered":"<p>2006 gegr\u00fcndet besingt das Duo mit Gesang und Gitarre die wirren Wirklichkeiten unserer heutigen Zeit.<\/p>\n","protected":false},"author":1,"featured_media":204,"comment_status":"open","ping_status":"open","sticky":false,"template":"","format":"standard","meta":{"footnotes":""},"categories":[56],"tags":[380],"class_list":["post-194","post","type-post","status-publish","format-standard","has-post-thumbnail","hentry","category-folk-events-veranstaltungstipps","tag-liedermacher"],"_links":{"self":[{"href":"https:\/\/folk.world\/de\/wp-json\/wp\/v2\/posts\/194","targetHints":{"allow":["GET"]}}],"collection":[{"href":"https:\/\/folk.world\/de\/wp-json\/wp\/v2\/posts"}],"about":[{"href":"https:\/\/folk.world\/de\/wp-json\/wp\/v2\/types\/post"}],"author":[{"embeddable":true,"href":"https:\/\/folk.world\/de\/wp-json\/wp\/v2\/users\/1"}],"replies":[{"embeddable":true,"href":"https:\/\/folk.world\/de\/wp-json\/wp\/v2\/comments?post=194"}],"version-history":[{"count":1,"href":"https:\/\/folk.world\/de\/wp-json\/wp\/v2\/posts\/194\/revisions"}],"predecessor-version":[{"id":1754,"href":"https:\/\/folk.world\/de\/wp-json\/wp\/v2\/posts\/194\/revisions\/1754"}],"wp:featuredmedia":[{"embeddable":true,"href":"https:\/\/folk.world\/de\/wp-json\/wp\/v2\/media\/204"}],"wp:attachment":[{"href":"https:\/\/folk.world\/de\/wp-json\/wp\/v2\/media?parent=194"}],"wp:term":[{"taxonomy":"category","embeddable":true,"href":"https:\/\/folk.world\/de\/wp-json\/wp\/v2\/categories?post=194"},{"taxonomy":"post_tag","embeddable":true,"href":"https:\/\/folk.world\/de\/wp-json\/wp\/v2\/tags?post=194"}],"curies":[{"name":"wp","href":"https:\/\/api.w.org\/{rel}","templated":true}]}}