{"id":4160,"date":"2015-07-05T20:40:52","date_gmt":"2015-07-05T18:40:52","guid":{"rendered":"http:\/\/www.german-smallpipe.com\/content\/?p=46"},"modified":"2018-10-30T15:53:12","modified_gmt":"2018-10-30T15:53:12","slug":"dudelsack-finanzieren","status":"publish","type":"post","link":"https:\/\/folk.world\/de\/blog\/2015\/07\/05\/dudelsack-finanzieren\/","title":{"rendered":"Dudelsack finanzieren"},"content":{"rendered":"<p>Ja, Du kannst den Dudelsack auch mieten. Dadurch wird f\u00fcr Dich der Einstieg in die Welt der Dudelsackmusik deutlich leichter. Denn zu Beginn stellt sich f\u00fcr Dudelsacksch\u00fcler oft die Gretchenfrage: Wie finde ich ein gutes Instrument f\u00fcr wenig Geld?<\/p>\n<p>Mit unserem Angebot &#8220;rent an instrument&#8221; kommen wir Dir auch finanziell ein gro\u00dfes St\u00fcck entgegen. Du kannst die German Smallpipe f\u00fcr die ersten sechs Monate f\u00fcr\u00a0nur 32,80 \u20ac pro Monat einfach ausprobieren. Gef\u00e4llt Dir das Instrument, kannst Du den Dudelsack kaufen. Die bereits gezahlte Miete wird einfach angerechnet.<\/p>\n","protected":false},"excerpt":{"rendered":"<p>Ja, Du kannst den Dudelsack auch mieten. Dadurch wird f\u00fcr Dich der Einstieg in die Welt der Dudelsackmusik deutlich leichter. Denn zu Beginn stellt sich f\u00fcr Dudelsacksch\u00fcler oft die Gretchenfrage: Wie finde ich ein gutes Instrument f\u00fcr wenig Geld? Mit unserem Angebot &#8220;rent an instrument&#8221; kommen wir Dir auch finanziell ein gro\u00dfes St\u00fcck entgegen. Du [&hellip;]<\/p>\n","protected":false},"author":1,"featured_media":0,"comment_status":"closed","ping_status":"closed","sticky":false,"template":"","format":"standard","meta":{"footnotes":""},"categories":[654],"tags":[],"class_list":["post-4160","post","type-post","status-publish","format-standard","hentry","category-gut-zu-wissen-gsp"],"_links":{"self":[{"href":"https:\/\/folk.world\/de\/wp-json\/wp\/v2\/posts\/4160","targetHints":{"allow":["GET"]}}],"collection":[{"href":"https:\/\/folk.world\/de\/wp-json\/wp\/v2\/posts"}],"about":[{"href":"https:\/\/folk.world\/de\/wp-json\/wp\/v2\/types\/post"}],"author":[{"embeddable":true,"href":"https:\/\/folk.world\/de\/wp-json\/wp\/v2\/users\/1"}],"replies":[{"embeddable":true,"href":"https:\/\/folk.world\/de\/wp-json\/wp\/v2\/comments?post=4160"}],"version-history":[{"count":1,"href":"https:\/\/folk.world\/de\/wp-json\/wp\/v2\/posts\/4160\/revisions"}],"predecessor-version":[{"id":4310,"href":"https:\/\/folk.world\/de\/wp-json\/wp\/v2\/posts\/4160\/revisions\/4310"}],"wp:attachment":[{"href":"https:\/\/folk.world\/de\/wp-json\/wp\/v2\/media?parent=4160"}],"wp:term":[{"taxonomy":"category","embeddable":true,"href":"https:\/\/folk.world\/de\/wp-json\/wp\/v2\/categories?post=4160"},{"taxonomy":"post_tag","embeddable":true,"href":"https:\/\/folk.world\/de\/wp-json\/wp\/v2\/tags?post=4160"}],"curies":[{"name":"wp","href":"https:\/\/api.w.org\/{rel}","templated":true}]}}