{"id":914,"date":"2015-06-15T22:54:22","date_gmt":"2015-06-15T22:54:22","guid":{"rendered":"https:\/\/worldoffolk.wordpress.com\/?p=914"},"modified":"2018-02-07T23:01:27","modified_gmt":"2018-02-07T23:01:27","slug":"deen-25jahriges-jubilaum-tff-rudolstadt","status":"publish","type":"post","link":"https:\/\/folk.world\/de\/blog\/2015\/06\/15\/deen-25jahriges-jubilaum-tff-rudolstadt\/","title":{"rendered":"25-j\u00e4hriges Jubil\u00e4um TFF Rudolstadt"},"content":{"rendered":"<p>[<a href=\"#english\">english version below<\/a>]<\/p>\n<p>Wie immer findet auch in diesem Jahr zum ersten Juliwochenende das allj\u00e4hrliche <strong><em>Tanz- und Folkfestival TFF in Rudolstadt<\/em> <\/strong>statt. Vom Donnerstag, den 02. Juli bis Sonntag, den 05. Juli 2015 pilgern Musikbegeisterte in Blumenkinder-Stimmung wieder gen Rudolstadt in Th\u00fcringen; und dass dieses Jahr sogar schon zum 25. Mal.<br \/>\n<!--more--><br \/>\nWer das TFF kennt, der wei\u00df, dass es sich u.a. dadurch auszeichnet, dass es jedes Jahr besondere Schwerpunkte gibt, denen sich die Rudolst\u00e4dter Musikliebhaber widmen. Dieses Jahr wird der<strong> L\u00e4nderschwerpunkt<\/strong> des Festivals auf <strong><em>Norwegen<\/em><\/strong> liegen, was dazu f\u00fchrte, dass im <strong>Tanzschwerpunkt<\/strong> das Augenmerk auf den norwegischen Tanz <strong><em>&#8220;Halling&#8221;<\/em> <\/strong>und weitere <em><strong>noridsche T\u00e4nze<\/strong><\/em> gelegt werden wird. Das <strong>&#8220;magische Instrument&#8221;<\/strong> in diesem Jahr wird <em><strong>Cister<\/strong><\/em> sein.<\/p>\n<p>__________________________________________________________________________________<\/p>\n<p>25th anniversary TFF Rudolstadt<\/p>\n<p>From July 2nd to July 5th the 25th edition of <em><strong>Germany&#8217;s biggest folk, roots and world music festival<\/strong><\/em> &#8211; the<strong> TFF<\/strong> &#8211; will start again. It&#8217;ll take place at Rudolstadt, Th\u00fcringen.<\/p>\n<p>Former visitors of the TFF knowing that a cherished speciality of the TFF is focussing the festival onto <strong>three different categories:<\/strong> a country focus, a dance focus and a so called &#8220;magic instrument&#8221; focus. The<strong> country focus<\/strong> in 2015 will be on <strong><em>Norway<\/em><\/strong>. Machting with it the local promoters of the TFF chose the<em><strong> Halling<\/strong><\/em> (a norwegian dance) <strong>as dance of the year<\/strong>. Other Norwegian\/ Nordic dances will be also part of the dance focus. And the<strong> &#8220;magic instrument&#8221;<\/strong> of the years will be the<em><strong> Cister<\/strong><\/em>.<\/p>\n<p>&nbsp;<\/p>\n<p>&nbsp;<\/p>\n","protected":false},"excerpt":{"rendered":"<p>[english version below] Wie immer findet auch in diesem Jahr zum ersten Juliwochenende das allj\u00e4hrliche Tanz- und Folkfestival TFF in Rudolstadt statt. Vom Donnerstag, den 02. Juli bis Sonntag, den 05. Juli 2015 pilgern Musikbegeisterte in Blumenkinder-Stimmung wieder gen Rudolstadt in Th\u00fcringen; und dass dieses Jahr sogar schon zum 25. Mal.<\/p>\n","protected":false},"author":1,"featured_media":926,"comment_status":"open","ping_status":"open","sticky":false,"template":"","format":"standard","meta":{"footnotes":""},"categories":[56],"tags":[236,482,544,556,608],"class_list":["post-914","post","type-post","status-publish","format-standard","has-post-thumbnail","hentry","category-folk-events-veranstaltungstipps","tag-folk","tag-rudolstadt","tag-tanz-und-folkfestival","tag-tff-rudolstadt","tag-weltmusik"],"_links":{"self":[{"href":"https:\/\/folk.world\/de\/wp-json\/wp\/v2\/posts\/914","targetHints":{"allow":["GET"]}}],"collection":[{"href":"https:\/\/folk.world\/de\/wp-json\/wp\/v2\/posts"}],"about":[{"href":"https:\/\/folk.world\/de\/wp-json\/wp\/v2\/types\/post"}],"author":[{"embeddable":true,"href":"https:\/\/folk.world\/de\/wp-json\/wp\/v2\/users\/1"}],"replies":[{"embeddable":true,"href":"https:\/\/folk.world\/de\/wp-json\/wp\/v2\/comments?post=914"}],"version-history":[{"count":2,"href":"https:\/\/folk.world\/de\/wp-json\/wp\/v2\/posts\/914\/revisions"}],"predecessor-version":[{"id":2625,"href":"https:\/\/folk.world\/de\/wp-json\/wp\/v2\/posts\/914\/revisions\/2625"}],"wp:featuredmedia":[{"embeddable":true,"href":"https:\/\/folk.world\/de\/wp-json\/wp\/v2\/media\/926"}],"wp:attachment":[{"href":"https:\/\/folk.world\/de\/wp-json\/wp\/v2\/media?parent=914"}],"wp:term":[{"taxonomy":"category","embeddable":true,"href":"https:\/\/folk.world\/de\/wp-json\/wp\/v2\/categories?post=914"},{"taxonomy":"post_tag","embeddable":true,"href":"https:\/\/folk.world\/de\/wp-json\/wp\/v2\/tags?post=914"}],"curies":[{"name":"wp","href":"https:\/\/api.w.org\/{rel}","templated":true}]}}